{"id":6397,"date":"2025-12-04T12:06:28","date_gmt":"2025-12-04T12:06:28","guid":{"rendered":"https:\/\/portaldeyoung.uy\/?p=6397"},"modified":"2025-12-04T12:06:31","modified_gmt":"2025-12-04T12:06:31","slug":"policia-solicita-colaboracion-para-ubicar-a-dos-requeridos-por-homicidio-mathias-rodrigo-sampayo-freitas-y-johan-marco-sosa-fernandez","status":"publish","type":"post","link":"https:\/\/portaldeyoung.uy\/index.php\/2025\/12\/04\/policia-solicita-colaboracion-para-ubicar-a-dos-requeridos-por-homicidio-mathias-rodrigo-sampayo-freitas-y-johan-marco-sosa-fernandez\/","title":{"rendered":"Polic\u00eda solicita colaboraci\u00f3n para ubicar a dos requeridos por homicidio: Math\u00edas Rodrigo Sampayo Freitas y Johan Marco Sosa Fern\u00e1ndez"},"content":{"rendered":"\n<p>La Polic\u00eda de Canelones inform\u00f3 que Sampayo Freitas es buscado por homicidio, rapi\u00f1a y posesi\u00f3n de estupefacientes, mientras que Sosa Fern\u00e1ndez tambi\u00e9n est\u00e1 requerido por homicidio y hurtos y receptaci\u00f3n.<\/p>\n\n\n\n<p>El Ministerio del Interior solicita la colaboraci\u00f3n de la poblaci\u00f3n en la b\u00fasqueda de dos <strong>requeridos<\/strong>: Math\u00edas Rodrigo Sampayo Freitas, y Johan Marco Sosa Fern\u00e1ndez.<\/p>\n\n\n\n<p>Sampayo Freitas es buscado por <strong>homicidio<\/strong>, rapi\u00f1a y posesi\u00f3n de estupefacientes, mientras que Sosa Fern\u00e1ndez tambi\u00e9n est\u00e1 requerido por homicidio y hurtos y receptaci\u00f3n.<\/p>\n\n\n\n<p>El vocero de la Jefatura de Polic\u00eda de Canelones, Alejandro Ferreira, dijo que son buscados por el crimen de un hombre ocurrido el pasado 15 de octubre en el Pinar.<\/p>\n\n\n\n<p>La cartera exhorta a comunicarse a trav\u00e9s del servicio de emergencias 911, al 0800 5000 para la denuncia an\u00f3nima o en la seccional m\u00e1s pr\u00f3xima.<\/p>\n","protected":false},"excerpt":{"rendered":"<p>La Polic\u00eda de Canelones inform\u00f3 que Sampayo Freitas es buscado por homicidio, rapi\u00f1a y posesi\u00f3n de estupefacientes, mientras que Sosa Fern\u00e1ndez tambi\u00e9n est\u00e1 requerido por<\/p>\n","protected":false},"author":1,"featured_media":6398,"comment_status":"closed","ping_status":"open","sticky":false,"template":"","format":"standard","meta":{"advgb_blocks_editor_width":"","advgb_blocks_columns_visual_guide":"","footnotes":"","jetpack_publicize_message":"","jetpack_publicize_feature_enabled":true,"jetpack_social_post_already_shared":true,"jetpack_social_options":{"image_generator_settings":{"template":"highway","default_image_id":0,"font":"","enabled":false},"version":2}},"categories":[7],"tags":[],"class_list":["post-6397","post","type-post","status-publish","format-standard","has-post-thumbnail","hentry","category-del-pais"],"author_meta":{"display_name":"Portal","author_link":"https:\/\/portaldeyoung.uy\/index.php\/author\/admin_port\/"},"featured_img":"https:\/\/portaldeyoung.uy\/wp-content\/uploads\/2025\/12\/requeridos-300x193.png","jetpack_publicize_connections":[],"coauthors":[],"tax_additional":{"categories":{"linked":["<a href=\"https:\/\/portaldeyoung.uy\/index.php\/category\/del-pais\/\" class=\"advgb-post-tax-term\">Del pa\u00eds<\/a>"],"unlinked":["<span class=\"advgb-post-tax-term\">Del pa\u00eds<\/span>"]}},"comment_count":"0","relative_dates":{"created":"Publicado 5 meses hace","modified":"Actualizado 5 meses hace"},"absolute_dates":{"created":"Publicado el diciembre 4, 2025","modified":"Actualizado el diciembre 4, 2025"},"absolute_dates_time":{"created":"Publicado el diciembre 4, 2025 12:06 pm","modified":"Actualizado el diciembre 4, 2025 12:06 pm"},"featured_img_caption":"","series_order":"","_links":{"self":[{"href":"https:\/\/portaldeyoung.uy\/index.php\/wp-json\/wp\/v2\/posts\/6397","targetHints":{"allow":["GET"]}}],"collection":[{"href":"https:\/\/portaldeyoung.uy\/index.php\/wp-json\/wp\/v2\/posts"}],"about":[{"href":"https:\/\/portaldeyoung.uy\/index.php\/wp-json\/wp\/v2\/types\/post"}],"author":[{"embeddable":true,"href":"https:\/\/portaldeyoung.uy\/index.php\/wp-json\/wp\/v2\/users\/1"}],"replies":[{"embeddable":true,"href":"https:\/\/portaldeyoung.uy\/index.php\/wp-json\/wp\/v2\/comments?post=6397"}],"version-history":[{"count":1,"href":"https:\/\/portaldeyoung.uy\/index.php\/wp-json\/wp\/v2\/posts\/6397\/revisions"}],"predecessor-version":[{"id":6399,"href":"https:\/\/portaldeyoung.uy\/index.php\/wp-json\/wp\/v2\/posts\/6397\/revisions\/6399"}],"wp:featuredmedia":[{"embeddable":true,"href":"https:\/\/portaldeyoung.uy\/index.php\/wp-json\/wp\/v2\/media\/6398"}],"wp:attachment":[{"href":"https:\/\/portaldeyoung.uy\/index.php\/wp-json\/wp\/v2\/media?parent=6397"}],"wp:term":[{"taxonomy":"category","embeddable":true,"href":"https:\/\/portaldeyoung.uy\/index.php\/wp-json\/wp\/v2\/categories?post=6397"},{"taxonomy":"post_tag","embeddable":true,"href":"https:\/\/portaldeyoung.uy\/index.php\/wp-json\/wp\/v2\/tags?post=6397"}],"curies":[{"name":"wp","href":"https:\/\/api.w.org\/{rel}","templated":true}]}}