{"id":6365,"date":"2025-12-03T18:49:32","date_gmt":"2025-12-03T18:49:32","guid":{"rendered":"https:\/\/portaldeyoung.uy\/?p=6365"},"modified":"2025-12-03T18:49:35","modified_gmt":"2025-12-03T18:49:35","slug":"inscripciones-abiertas-para-participar-de-escuelas-de-verano-en-2026","status":"publish","type":"post","link":"https:\/\/portaldeyoung.uy\/index.php\/2025\/12\/03\/inscripciones-abiertas-para-participar-de-escuelas-de-verano-en-2026\/","title":{"rendered":"Inscripciones abiertas para participar de Escuelas de Verano en 2026"},"content":{"rendered":"\n<p>Del 8 de enero al 5 de febrero funcionar\u00e1 la propuesta de verano de la Direcci\u00f3n General de Educaci\u00f3n Inicial y Primaria (DGEIP). La iniciativa, a desarrollarse en 151 escuelas sede a lo largo del territorio nacional, incluye recreaci\u00f3n, talleres y alimentaci\u00f3n. Quienes deseen participar podr\u00e1n inscribirse del 1.\u00b0 al 12 de diciembre.<\/p>\n\n\n\n<p>\u201cEsperamos mucho disfrute y tambi\u00e9n aprendizaje. <strong>Son oportunidades de compartir, de convivencia, de desarrollar habilidades sociales y lo vincular<\/strong>\u201d, afirm\u00f3 la directora de Educaci\u00f3n Inicial y Primaria, <strong>Gabriela Salsamendi<\/strong>, al presentar la propuesta Escuelas de Verano 2026.\u00a0<\/p>\n\n\n\n<p><strong>Podr\u00e1n inscribirse todos los ni\u00f1os que asistan a centros educativos p\u00fablicos de pa\u00eds<\/strong>. Hay tiempo de registrarse, a trav\u00e9s de la plataforma Gur\u00ed Familia, hasta el 12 de diciembre. La jerarca manifest\u00f3 confiar en que este a\u00f1o se supere la cantidad de beneficiarios de la edici\u00f3n anterior.&nbsp;<\/p>\n\n\n\n<p>Los interesados deber\u00e1n postularse para una de las 151 escuelas sede disponibles. Estos centros presentaron un proyecto espec\u00edfico para desarrollar la experiencia de verano en sus comunidades.&nbsp;<\/p>\n\n\n\n<p><strong>El programa se desarrollar\u00e1 entre el 8 de enero y el 5 de febrero basado en propuestas con enfoque l\u00fadico y pedag\u00f3gico, as\u00ed como salidas did\u00e1cticas. Incluir\u00e1 recreaci\u00f3n, piscinas, talleres, alimentaci\u00f3n y campamentos<\/strong>. &nbsp;<\/p>\n\n\n\n<p>Las escuelas funcionar\u00e1n de lunes a viernes de 8:30 a 13:30 horas en todo el pa\u00eds, excepto en Maldonado donde el horario se extiende hasta las 17.00 horas.&nbsp;<\/p>\n\n\n\n<p><em>*Texto y Foto Presidencia<\/em><\/p>\n","protected":false},"excerpt":{"rendered":"<p>Del 8 de enero al 5 de febrero funcionar\u00e1 la propuesta de verano de la Direcci\u00f3n General de Educaci\u00f3n Inicial y Primaria (DGEIP). La iniciativa,<\/p>\n","protected":false},"author":1,"featured_media":6366,"comment_status":"closed","ping_status":"open","sticky":false,"template":"","format":"standard","meta":{"advgb_blocks_editor_width":"","advgb_blocks_columns_visual_guide":"","footnotes":"","jetpack_publicize_message":"","jetpack_publicize_feature_enabled":true,"jetpack_social_post_already_shared":true,"jetpack_social_options":{"image_generator_settings":{"template":"highway","default_image_id":0,"font":"","enabled":false},"version":2}},"categories":[7],"tags":[],"class_list":["post-6365","post","type-post","status-publish","format-standard","has-post-thumbnail","hentry","category-del-pais"],"author_meta":{"display_name":"Portal","author_link":"https:\/\/portaldeyoung.uy\/index.php\/author\/admin_port\/"},"featured_img":"https:\/\/portaldeyoung.uy\/wp-content\/uploads\/2025\/12\/escuelas-de-verano-300x197.png","jetpack_publicize_connections":[],"coauthors":[],"tax_additional":{"categories":{"linked":["<a href=\"https:\/\/portaldeyoung.uy\/index.php\/category\/del-pais\/\" class=\"advgb-post-tax-term\">Del pa\u00eds<\/a>"],"unlinked":["<span class=\"advgb-post-tax-term\">Del pa\u00eds<\/span>"]}},"comment_count":"0","relative_dates":{"created":"Publicado 5 meses hace","modified":"Actualizado 5 meses hace"},"absolute_dates":{"created":"Publicado el diciembre 3, 2025","modified":"Actualizado el diciembre 3, 2025"},"absolute_dates_time":{"created":"Publicado el diciembre 3, 2025 6:49 pm","modified":"Actualizado el diciembre 3, 2025 6:49 pm"},"featured_img_caption":"","series_order":"","_links":{"self":[{"href":"https:\/\/portaldeyoung.uy\/index.php\/wp-json\/wp\/v2\/posts\/6365","targetHints":{"allow":["GET"]}}],"collection":[{"href":"https:\/\/portaldeyoung.uy\/index.php\/wp-json\/wp\/v2\/posts"}],"about":[{"href":"https:\/\/portaldeyoung.uy\/index.php\/wp-json\/wp\/v2\/types\/post"}],"author":[{"embeddable":true,"href":"https:\/\/portaldeyoung.uy\/index.php\/wp-json\/wp\/v2\/users\/1"}],"replies":[{"embeddable":true,"href":"https:\/\/portaldeyoung.uy\/index.php\/wp-json\/wp\/v2\/comments?post=6365"}],"version-history":[{"count":1,"href":"https:\/\/portaldeyoung.uy\/index.php\/wp-json\/wp\/v2\/posts\/6365\/revisions"}],"predecessor-version":[{"id":6367,"href":"https:\/\/portaldeyoung.uy\/index.php\/wp-json\/wp\/v2\/posts\/6365\/revisions\/6367"}],"wp:featuredmedia":[{"embeddable":true,"href":"https:\/\/portaldeyoung.uy\/index.php\/wp-json\/wp\/v2\/media\/6366"}],"wp:attachment":[{"href":"https:\/\/portaldeyoung.uy\/index.php\/wp-json\/wp\/v2\/media?parent=6365"}],"wp:term":[{"taxonomy":"category","embeddable":true,"href":"https:\/\/portaldeyoung.uy\/index.php\/wp-json\/wp\/v2\/categories?post=6365"},{"taxonomy":"post_tag","embeddable":true,"href":"https:\/\/portaldeyoung.uy\/index.php\/wp-json\/wp\/v2\/tags?post=6365"}],"curies":[{"name":"wp","href":"https:\/\/api.w.org\/{rel}","templated":true}]}}