{"id":6359,"date":"2025-12-03T18:40:06","date_gmt":"2025-12-03T18:40:06","guid":{"rendered":"https:\/\/portaldeyoung.uy\/?p=6359"},"modified":"2025-12-03T18:40:22","modified_gmt":"2025-12-03T18:40:22","slug":"canal-5-transmitira-32-partidos-del-mundial-por-television-abierta-cable-y-antel-tv","status":"publish","type":"post","link":"https:\/\/portaldeyoung.uy\/index.php\/2025\/12\/03\/canal-5-transmitira-32-partidos-del-mundial-por-television-abierta-cable-y-antel-tv\/","title":{"rendered":"Canal 5 transmitir\u00e1 32 partidos del Mundial por televisi\u00f3n abierta, cable y Antel TV"},"content":{"rendered":"\n<p>El acuerdo no implica costos adicionales ni impacto presupuestal para los Medios P\u00fablicos.<\/p>\n\n\n\n<p>\u201cTenemos la enorme alegr\u00eda de anunciar que Canal 5 transmitir\u00e1 el Mundial de manera gratuita para todo el pa\u00eds\u201d, dijo la presidenta del Servicio de Comunicaci\u00f3n Audiovisual Nacional (Secan) y directora de Canal 5, Erika Hoffmann, durante la conferencia de anuncio en la Torre de las Comunicaciones.<\/p>\n\n\n\n<p>\u201cSer\u00e1 la primera vez en la historia de Uruguay que un Mundial se emita en forma abierta y gratuita de manera exclusiva en televisi\u00f3n abierta a trav\u00e9s de la pantalla de Canal 5 y en sus se\u00f1ales de cable y la plataforma Antel TV\u201d, enfatiz\u00f3.<\/p>\n\n\n\n<p>Canal 5 adquiere los derechos de transmisi\u00f3n de 32 partidos del Mundial, incluyendo el partido inaugural, la final y todos los encuentros de la Selecci\u00f3n Uruguaya.<\/p>\n\n\n\n<p>El acuerdo no implica costos adicionales ni impacto presupuestal para los Medios P\u00fablicos ni erogaci\u00f3n extra para el Presupuesto Nacional y representa un uso responsable de los recursos del Estado. Esta decisi\u00f3n permite democratizar el acceso al deporte y garantizar que el fen\u00f3meno cultural m\u00e1s importante del Uruguay llegue sin barreras a toda la poblaci\u00f3n.<\/p>\n\n\n\n<p>La transmisi\u00f3n del Mundial se realizar\u00e1 con equipos t\u00e9cnicos, period\u00edsticos y de producci\u00f3n propios, fortaleciendo las capacidades internas del ecosistema p\u00fablico de comunicaci\u00f3n y s\u00f3lo se contratar\u00e1n los servicios de producci\u00f3n externa que sean imprescindibles.<\/p>\n\n\n\n<p>\u201cAntel TV es un gran socio en este proyecto que nos permite sumar pantallas y brindar nuevas oportunidades\u201d, se\u00f1al\u00f3 la directora de Canal 5.<br>Los partidos podr\u00e1n verse desde cualquier punto del territorio y en m\u00faltiples dispositivos.<\/p>\n\n\n\n<p>\u201cAdem\u00e1s, se promover\u00e1 la proyecci\u00f3n en pantallas p\u00fablicas en espacios culturales, plazas, explanadas y auditorios, para que el Mundial pueda vivirse tambi\u00e9n como una experiencia colectiva\u201d, explic\u00f3 Hoffmann.<\/p>\n\n\n\n<p>Este camino continuar\u00e1 en 2028, cuando los medios p\u00fablicos transmitan los Juegos Ol\u00edmpicos, a partir del acuerdo firmado con el Comit\u00e9 Ol\u00edmpico ampliando el acceso gratuito a los grandes eventos deportivos del mundo, y valorizado el rol del deporte en el desarrollo de las personas.<\/p>\n","protected":false},"excerpt":{"rendered":"<p>El acuerdo no implica costos adicionales ni impacto presupuestal para los Medios P\u00fablicos. \u201cTenemos la enorme alegr\u00eda de anunciar que Canal 5 transmitir\u00e1 el Mundial<\/p>\n","protected":false},"author":1,"featured_media":6360,"comment_status":"closed","ping_status":"open","sticky":false,"template":"","format":"standard","meta":{"advgb_blocks_editor_width":"","advgb_blocks_columns_visual_guide":"","footnotes":"","jetpack_publicize_message":"","jetpack_publicize_feature_enabled":true,"jetpack_social_post_already_shared":true,"jetpack_social_options":{"image_generator_settings":{"template":"highway","default_image_id":0,"font":"","enabled":false},"version":2}},"categories":[7],"tags":[],"class_list":["post-6359","post","type-post","status-publish","format-standard","has-post-thumbnail","hentry","category-del-pais"],"author_meta":{"display_name":"Portal","author_link":"https:\/\/portaldeyoung.uy\/index.php\/author\/admin_port\/"},"featured_img":"https:\/\/portaldeyoung.uy\/wp-content\/uploads\/2025\/12\/medios-publicos-mundial-300x148.png","jetpack_publicize_connections":[],"coauthors":[],"tax_additional":{"categories":{"linked":["<a href=\"https:\/\/portaldeyoung.uy\/index.php\/category\/del-pais\/\" class=\"advgb-post-tax-term\">Del pa\u00eds<\/a>"],"unlinked":["<span class=\"advgb-post-tax-term\">Del pa\u00eds<\/span>"]}},"comment_count":"0","relative_dates":{"created":"Publicado 5 meses hace","modified":"Actualizado 5 meses hace"},"absolute_dates":{"created":"Publicado el diciembre 3, 2025","modified":"Actualizado el diciembre 3, 2025"},"absolute_dates_time":{"created":"Publicado el diciembre 3, 2025 6:40 pm","modified":"Actualizado el diciembre 3, 2025 6:40 pm"},"featured_img_caption":"","series_order":"","_links":{"self":[{"href":"https:\/\/portaldeyoung.uy\/index.php\/wp-json\/wp\/v2\/posts\/6359","targetHints":{"allow":["GET"]}}],"collection":[{"href":"https:\/\/portaldeyoung.uy\/index.php\/wp-json\/wp\/v2\/posts"}],"about":[{"href":"https:\/\/portaldeyoung.uy\/index.php\/wp-json\/wp\/v2\/types\/post"}],"author":[{"embeddable":true,"href":"https:\/\/portaldeyoung.uy\/index.php\/wp-json\/wp\/v2\/users\/1"}],"replies":[{"embeddable":true,"href":"https:\/\/portaldeyoung.uy\/index.php\/wp-json\/wp\/v2\/comments?post=6359"}],"version-history":[{"count":1,"href":"https:\/\/portaldeyoung.uy\/index.php\/wp-json\/wp\/v2\/posts\/6359\/revisions"}],"predecessor-version":[{"id":6361,"href":"https:\/\/portaldeyoung.uy\/index.php\/wp-json\/wp\/v2\/posts\/6359\/revisions\/6361"}],"wp:featuredmedia":[{"embeddable":true,"href":"https:\/\/portaldeyoung.uy\/index.php\/wp-json\/wp\/v2\/media\/6360"}],"wp:attachment":[{"href":"https:\/\/portaldeyoung.uy\/index.php\/wp-json\/wp\/v2\/media?parent=6359"}],"wp:term":[{"taxonomy":"category","embeddable":true,"href":"https:\/\/portaldeyoung.uy\/index.php\/wp-json\/wp\/v2\/categories?post=6359"},{"taxonomy":"post_tag","embeddable":true,"href":"https:\/\/portaldeyoung.uy\/index.php\/wp-json\/wp\/v2\/tags?post=6359"}],"curies":[{"name":"wp","href":"https:\/\/api.w.org\/{rel}","templated":true}]}}