{"id":6342,"date":"2025-12-02T20:59:47","date_gmt":"2025-12-02T20:59:47","guid":{"rendered":"https:\/\/portaldeyoung.uy\/?p=6342"},"modified":"2025-12-02T21:02:00","modified_gmt":"2025-12-02T21:02:00","slug":"ministra-de-salud-alerta-por-situacion-del-sarampion-y-exhorta-a-toda-la-poblacion-vacunarse-con-las-dos-dosis","status":"publish","type":"post","link":"https:\/\/portaldeyoung.uy\/index.php\/2025\/12\/02\/ministra-de-salud-alerta-por-situacion-del-sarampion-y-exhorta-a-toda-la-poblacion-vacunarse-con-las-dos-dosis\/","title":{"rendered":"Ministra de Salud alerta por situaci\u00f3n del sarampi\u00f3n y exhorta a toda la poblaci\u00f3n vacunarse con las dos dosis"},"content":{"rendered":"\n<p>La ministra Lustemberg exhort\u00f3 a controlar las vacunas en los ni\u00f1os y a que todas las personas nacidas despu\u00e9s de 1967 \u201cse vacunen por las dudas si no est\u00e1n seguros de tener las dos dosis\u201d.<\/p>\n\n\n\n<p>La <strong>ministra<\/strong> de <strong>Salud<\/strong> Cristina Lustemberg llam\u00f3 a una conferencia de prensa para alertar del avance del <strong>sarampi\u00f3n<\/strong> en la regi\u00f3n y la detecci\u00f3n en noviembre de varios casos en una familia de San Javier, departamento de R\u00edo Negro, que hab\u00eda viajado a Bolivia y no ten\u00edan al d\u00eda sus vacunas contra esta enfermedad altamente contagiosa y potencialmente peligrosa.<\/p>\n\n\n\n<p>\u201cEl pa\u00eds no puede perder la calidad de ser libre de sarampi\u00f3n. Esto es entre todos\u201d, dijo Lustemberg en una declaraci\u00f3n ante la prensa en la que exhort\u00f3 a las familias a revisar y actualizar el carn\u00e9 de vacunas de ni\u00f1os y adolescentes.<\/p>\n\n\n\n<p>Tambi\u00e9n exhort\u00f3 a todas las personas nacidas despu\u00e9s de 1967 a darse la vacuna contra el sarampi\u00f3n (SRP) si no est\u00e1n seguros de tener las dos dosis.<\/p>\n\n\n\n<p>En Uruguay la vacuna contra el sarampi\u00f3n es obligatoria, gratuita y universal (para toda la poblaci\u00f3n). Todas las personas deben tener dos dosis.<\/p>\n\n\n\n<p>Los ni\u00f1os reciben la primera dosis al cumplir un a\u00f1o, y la segunda a partir de los 15 meses.<\/p>\n\n\n\n<p>Lustemberg insisti\u00f3 en que todas las personas nacidas despu\u00e9s de 1967 deben tener dos dosis, y dijo que \u201cante la duda se vacunen para tener la segunda dosis\u201d.<\/p>\n\n\n\n<p>\u201cLos que no pueden chequear que tienen las dos dosis, vac\u00fanense por las dudas\u201d, dijo la ministra.<\/p>\n\n\n\n<p>Lustemberg record\u00f3 que la segunda dosis obligatoria contra el sarampi\u00f3n se comenz\u00f3 a dar en Uruguay en 1992, por lo tanto, \u201ces muy posible que las personas nacidas entre 1967 y 1987 tengan una sola dosis\u201d. \u201cEsas personas, vayan a darse la segunda dosis cuanto antes\u201d, insisti\u00f3.<\/p>\n\n\n\n<p>La ministra destac\u00f3 que la vacuna no est\u00e1 recomendada para mujeres embarazadas o pacientes oncol\u00f3gicos con inmunosupresi\u00f3n por tratamiento. En esos casos deben esperar para vacunarse, y consultar a su m\u00e9dico.<\/p>\n\n\n\n<p>El MSP har\u00e1 una jornada de vacunaci\u00f3n en los 19 departamentos este s\u00e1bado 6 de diciembre.<\/p>\n","protected":false},"excerpt":{"rendered":"<p>La ministra Lustemberg exhort\u00f3 a controlar las vacunas en los ni\u00f1os y a que todas las personas nacidas despu\u00e9s de 1967 \u201cse vacunen por las<\/p>\n","protected":false},"author":1,"featured_media":1070,"comment_status":"closed","ping_status":"open","sticky":false,"template":"","format":"standard","meta":{"advgb_blocks_editor_width":"","advgb_blocks_columns_visual_guide":"","footnotes":"","jetpack_publicize_message":"","jetpack_publicize_feature_enabled":true,"jetpack_social_post_already_shared":true,"jetpack_social_options":{"image_generator_settings":{"template":"highway","default_image_id":0,"font":"","enabled":false},"version":2}},"categories":[7],"tags":[],"class_list":["post-6342","post","type-post","status-publish","format-standard","has-post-thumbnail","hentry","category-del-pais"],"author_meta":{"display_name":"Portal","author_link":"https:\/\/portaldeyoung.uy\/index.php\/author\/admin_port\/"},"featured_img":"https:\/\/portaldeyoung.uy\/wp-content\/uploads\/2025\/07\/lustemberg-MSP-300x198.png","jetpack_publicize_connections":[],"coauthors":[],"tax_additional":{"categories":{"linked":["<a href=\"https:\/\/portaldeyoung.uy\/index.php\/category\/del-pais\/\" class=\"advgb-post-tax-term\">Del pa\u00eds<\/a>"],"unlinked":["<span class=\"advgb-post-tax-term\">Del pa\u00eds<\/span>"]}},"comment_count":"0","relative_dates":{"created":"Publicado 5 meses hace","modified":"Actualizado 5 meses hace"},"absolute_dates":{"created":"Publicado el diciembre 2, 2025","modified":"Actualizado el diciembre 2, 2025"},"absolute_dates_time":{"created":"Publicado el diciembre 2, 2025 8:59 pm","modified":"Actualizado el diciembre 2, 2025 9:02 pm"},"featured_img_caption":"","series_order":"","_links":{"self":[{"href":"https:\/\/portaldeyoung.uy\/index.php\/wp-json\/wp\/v2\/posts\/6342","targetHints":{"allow":["GET"]}}],"collection":[{"href":"https:\/\/portaldeyoung.uy\/index.php\/wp-json\/wp\/v2\/posts"}],"about":[{"href":"https:\/\/portaldeyoung.uy\/index.php\/wp-json\/wp\/v2\/types\/post"}],"author":[{"embeddable":true,"href":"https:\/\/portaldeyoung.uy\/index.php\/wp-json\/wp\/v2\/users\/1"}],"replies":[{"embeddable":true,"href":"https:\/\/portaldeyoung.uy\/index.php\/wp-json\/wp\/v2\/comments?post=6342"}],"version-history":[{"count":1,"href":"https:\/\/portaldeyoung.uy\/index.php\/wp-json\/wp\/v2\/posts\/6342\/revisions"}],"predecessor-version":[{"id":6343,"href":"https:\/\/portaldeyoung.uy\/index.php\/wp-json\/wp\/v2\/posts\/6342\/revisions\/6343"}],"wp:featuredmedia":[{"embeddable":true,"href":"https:\/\/portaldeyoung.uy\/index.php\/wp-json\/wp\/v2\/media\/1070"}],"wp:attachment":[{"href":"https:\/\/portaldeyoung.uy\/index.php\/wp-json\/wp\/v2\/media?parent=6342"}],"wp:term":[{"taxonomy":"category","embeddable":true,"href":"https:\/\/portaldeyoung.uy\/index.php\/wp-json\/wp\/v2\/categories?post=6342"},{"taxonomy":"post_tag","embeddable":true,"href":"https:\/\/portaldeyoung.uy\/index.php\/wp-json\/wp\/v2\/tags?post=6342"}],"curies":[{"name":"wp","href":"https:\/\/api.w.org\/{rel}","templated":true}]}}