{"id":6285,"date":"2025-12-01T10:14:37","date_gmt":"2025-12-01T10:14:37","guid":{"rendered":"https:\/\/portaldeyoung.uy\/?p=6285"},"modified":"2025-12-03T21:08:14","modified_gmt":"2025-12-03T21:08:14","slug":"vecinos-de-la-gruta-y-donato-reclaman-mayor-riego-para-mitigar-el-polvo-generado-por-las-obras","status":"publish","type":"post","link":"https:\/\/portaldeyoung.uy\/index.php\/2025\/12\/01\/vecinos-de-la-gruta-y-donato-reclaman-mayor-riego-para-mitigar-el-polvo-generado-por-las-obras\/","title":{"rendered":"Vecinos de La Gruta y Donato reclaman mayor riego para mitigar el polvo generado por las obras"},"content":{"rendered":"\n<p>Mientras nuestro reportero gr\u00e1fico, <strong>Guillermo Centuri\u00f3n<\/strong>, realizaba la cobertura de la jornada electoral de los <strong>Presupuestos Participativos 2025<\/strong> del Municipio de Young, varios vecinos aprovecharon la instancia para manifestar p\u00fablicamente su preocupaci\u00f3n por el polvo que se levanta en distintas calles de la ciudad debido a los trabajos de saneamiento.<\/p>\n\n\n\n<p>Seg\u00fan expresaron, el tr\u00e1nsito constante y las tareas de excavaci\u00f3n han generado un importante volumen de polvo en las arterias intervenidas, lo que afecta la vida cotidiana de quienes residen en las zonas m\u00e1s comprometidas. Vecinos de los barrios <strong>La Gruta<\/strong> y <strong>Donato<\/strong> se acercaron espont\u00e1neamente para plantear su malestar y solicitar que las autoridades dispongan <strong>mayores recorridos de riego<\/strong>, con el fin de minimizar el impacto mientras avanzan las obras.<\/p>\n\n\n\n<p>\u201cEntendemos que son trabajos necesarios, pero pedimos m\u00e1s riego para que no vuele tanto polvo. Adem\u00e1s estamos nerviosos porque no sabemos cu\u00e1ndo se realizar\u00e1 la bituminizaci\u00f3n\u201d, expresaron a Centuri\u00f3n durante la cobertura.<\/p>\n\n\n\n<p>Por su parte, desde las autoridades municipales se insiste en que se trata de un proceso complejo y que requiere tiempo para completarse adecuadamente, solicitando a la poblaci\u00f3n <strong>paciencia<\/strong> para permitir que las obras puedan culminarse en <strong>tiempo y forma<\/strong>.<\/p>\n\n\n\n<p><\/p>\n","protected":false},"excerpt":{"rendered":"<p>Mientras nuestro reportero gr\u00e1fico, Guillermo Centuri\u00f3n, realizaba la cobertura de la jornada electoral de los Presupuestos Participativos 2025 del Municipio de Young, varios vecinos aprovecharon<\/p>\n","protected":false},"author":1,"featured_media":6286,"comment_status":"closed","ping_status":"open","sticky":false,"template":"","format":"standard","meta":{"advgb_blocks_editor_width":"","advgb_blocks_columns_visual_guide":"","footnotes":"","jetpack_publicize_message":"Mientras nuestro reportero gr\u00e1fico, Guillermo Centuri\u00f3n, realizaba la cobertura de la jornada electoral de los Presupuestos Participativos 2025 del Municipio de Young, varios vecinos aprovecharon la instancia para manifestar p\u00fablicamente su preocupaci\u00f3n por el polvo que se levanta en distintas calles de la ciudad debido a los trabajos de ...","jetpack_publicize_feature_enabled":true,"jetpack_social_post_already_shared":true,"jetpack_social_options":{"image_generator_settings":{"template":"highway","default_image_id":0,"font":"","enabled":false},"version":2}},"categories":[28],"tags":[],"class_list":["post-6285","post","type-post","status-publish","format-standard","has-post-thumbnail","hentry","category-de-la-ciudad"],"author_meta":{"display_name":"Portal","author_link":"https:\/\/portaldeyoung.uy\/index.php\/author\/admin_port\/"},"featured_img":"https:\/\/portaldeyoung.uy\/wp-content\/uploads\/2025\/12\/auto-polvo-00-300x150.jpg","jetpack_publicize_connections":[],"coauthors":[],"tax_additional":{"categories":{"linked":["<a href=\"https:\/\/portaldeyoung.uy\/index.php\/category\/de-la-ciudad\/\" class=\"advgb-post-tax-term\">De la ciudad<\/a>"],"unlinked":["<span class=\"advgb-post-tax-term\">De la ciudad<\/span>"]}},"comment_count":"0","relative_dates":{"created":"Publicado 5 meses hace","modified":"Actualizado 5 meses hace"},"absolute_dates":{"created":"Publicado el diciembre 1, 2025","modified":"Actualizado el diciembre 3, 2025"},"absolute_dates_time":{"created":"Publicado el diciembre 1, 2025 10:14 am","modified":"Actualizado el diciembre 3, 2025 9:08 pm"},"featured_img_caption":"","series_order":"","_links":{"self":[{"href":"https:\/\/portaldeyoung.uy\/index.php\/wp-json\/wp\/v2\/posts\/6285","targetHints":{"allow":["GET"]}}],"collection":[{"href":"https:\/\/portaldeyoung.uy\/index.php\/wp-json\/wp\/v2\/posts"}],"about":[{"href":"https:\/\/portaldeyoung.uy\/index.php\/wp-json\/wp\/v2\/types\/post"}],"author":[{"embeddable":true,"href":"https:\/\/portaldeyoung.uy\/index.php\/wp-json\/wp\/v2\/users\/1"}],"replies":[{"embeddable":true,"href":"https:\/\/portaldeyoung.uy\/index.php\/wp-json\/wp\/v2\/comments?post=6285"}],"version-history":[{"count":2,"href":"https:\/\/portaldeyoung.uy\/index.php\/wp-json\/wp\/v2\/posts\/6285\/revisions"}],"predecessor-version":[{"id":6289,"href":"https:\/\/portaldeyoung.uy\/index.php\/wp-json\/wp\/v2\/posts\/6285\/revisions\/6289"}],"wp:featuredmedia":[{"embeddable":true,"href":"https:\/\/portaldeyoung.uy\/index.php\/wp-json\/wp\/v2\/media\/6286"}],"wp:attachment":[{"href":"https:\/\/portaldeyoung.uy\/index.php\/wp-json\/wp\/v2\/media?parent=6285"}],"wp:term":[{"taxonomy":"category","embeddable":true,"href":"https:\/\/portaldeyoung.uy\/index.php\/wp-json\/wp\/v2\/categories?post=6285"},{"taxonomy":"post_tag","embeddable":true,"href":"https:\/\/portaldeyoung.uy\/index.php\/wp-json\/wp\/v2\/tags?post=6285"}],"curies":[{"name":"wp","href":"https:\/\/api.w.org\/{rel}","templated":true}]}}