{"id":6203,"date":"2025-11-28T13:58:50","date_gmt":"2025-11-28T13:58:50","guid":{"rendered":"https:\/\/portaldeyoung.uy\/?p=6203"},"modified":"2025-12-03T00:08:18","modified_gmt":"2025-12-03T00:08:18","slug":"incendio-en-el-vertedero-municipal-de-young-presumen-que-fue-provocado-por-quema-para-extraccion-de-metales","status":"publish","type":"post","link":"https:\/\/portaldeyoung.uy\/index.php\/2025\/11\/28\/incendio-en-el-vertedero-municipal-de-young-presumen-que-fue-provocado-por-quema-para-extraccion-de-metales\/","title":{"rendered":"Incendio en el vertedero municipal de Young: presumen que fue provocado por quema para extracci\u00f3n de metales"},"content":{"rendered":"\n<p>En la tarde de ayer jueves se registr\u00f3 un incendio en el vertedero municipal de Young, ubicado sobre ruta 25, lo que motiv\u00f3 la intervenci\u00f3n del Destacamento de Bomberos y de efectivos policiales.<\/p>\n\n\n\n<p>Seg\u00fan informaci\u00f3n recabada por <em>el Portal de Young<\/em>, el foco \u00edgneo se origin\u00f3 en un sector del basural y se propag\u00f3 r\u00e1pidamente debido a las altas temperaturas registradas durante la jornada. La dotaci\u00f3n de Bomberos logr\u00f3 sofocar las llamas tras un intenso trabajo, evitando que el fuego alcanzara mayores dimensiones.<\/p>\n\n\n\n<p>Fuentes cercanas a nuestro medio se\u00f1alaron que se presume que el incendio pudo haber sido provocado de forma accidental por personas que suelen recolectar alambres o cables de cobre, aluminio, bronce u otros materiales en el lugar. En muchos casos \u2014indicaron\u2014 estas personas recurren a la quema de cubiertas viejas, electrodom\u00e9sticos u otros residuos para extraer los metales con el fin de venderlos.<\/p>\n\n\n\n<p>Todo apunta a que una quema de este tipo habr\u00eda sido iniciada y dejada encendida, y que las condiciones clim\u00e1ticas contribuyeron a la r\u00e1pida propagaci\u00f3n del fuego. Al momento del arribo de los bomberos no se encontraba ninguna persona en el lugar, lo que refuerza la hip\u00f3tesis de que el incendio podr\u00eda haberse originado por esta pr\u00e1ctica, de acuerdo a las fuentes consultadas.<\/p>\n\n\n\n<p>Las autoridades contin\u00faan trabajando para determinar con precisi\u00f3n las causas del episodio y reiteran el llamado a evitar cualquier tipo de quema en zonas pr\u00f3ximas al vertedero debido al alto riesgo que implica.<\/p>\n\n\n\n<p><em>*La foto corresponde a incendio del vertedero de Young en Enero del 2025<\/em><\/p>\n","protected":false},"excerpt":{"rendered":"<p>En la tarde de ayer jueves se registr\u00f3 un incendio en el vertedero municipal de Young, ubicado sobre ruta 25, lo que motiv\u00f3 la intervenci\u00f3n<\/p>\n","protected":false},"author":1,"featured_media":6204,"comment_status":"closed","ping_status":"open","sticky":false,"template":"","format":"standard","meta":{"advgb_blocks_editor_width":"","advgb_blocks_columns_visual_guide":"","footnotes":"","jetpack_publicize_message":"Seg\u00fan informaci\u00f3n recabada por el Portal de Young, el foco \u00edgneo se origin\u00f3 por ...","jetpack_publicize_feature_enabled":true,"jetpack_social_post_already_shared":true,"jetpack_social_options":{"image_generator_settings":{"template":"highway","default_image_id":0,"font":"","enabled":false},"version":2}},"categories":[28],"tags":[],"class_list":["post-6203","post","type-post","status-publish","format-standard","has-post-thumbnail","hentry","category-de-la-ciudad"],"author_meta":{"display_name":"Portal","author_link":"https:\/\/portaldeyoung.uy\/index.php\/author\/admin_port\/"},"featured_img":"https:\/\/portaldeyoung.uy\/wp-content\/uploads\/2025\/11\/vertedero-300x169.jpg","jetpack_publicize_connections":[],"coauthors":[],"tax_additional":{"categories":{"linked":["<a href=\"https:\/\/portaldeyoung.uy\/index.php\/category\/de-la-ciudad\/\" class=\"advgb-post-tax-term\">De la ciudad<\/a>"],"unlinked":["<span class=\"advgb-post-tax-term\">De la ciudad<\/span>"]}},"comment_count":"0","relative_dates":{"created":"Publicado 5 meses hace","modified":"Actualizado 5 meses hace"},"absolute_dates":{"created":"Publicado el noviembre 28, 2025","modified":"Actualizado el diciembre 3, 2025"},"absolute_dates_time":{"created":"Publicado el noviembre 28, 2025 1:58 pm","modified":"Actualizado el diciembre 3, 2025 12:08 am"},"featured_img_caption":"","series_order":"","_links":{"self":[{"href":"https:\/\/portaldeyoung.uy\/index.php\/wp-json\/wp\/v2\/posts\/6203","targetHints":{"allow":["GET"]}}],"collection":[{"href":"https:\/\/portaldeyoung.uy\/index.php\/wp-json\/wp\/v2\/posts"}],"about":[{"href":"https:\/\/portaldeyoung.uy\/index.php\/wp-json\/wp\/v2\/types\/post"}],"author":[{"embeddable":true,"href":"https:\/\/portaldeyoung.uy\/index.php\/wp-json\/wp\/v2\/users\/1"}],"replies":[{"embeddable":true,"href":"https:\/\/portaldeyoung.uy\/index.php\/wp-json\/wp\/v2\/comments?post=6203"}],"version-history":[{"count":2,"href":"https:\/\/portaldeyoung.uy\/index.php\/wp-json\/wp\/v2\/posts\/6203\/revisions"}],"predecessor-version":[{"id":6207,"href":"https:\/\/portaldeyoung.uy\/index.php\/wp-json\/wp\/v2\/posts\/6203\/revisions\/6207"}],"wp:featuredmedia":[{"embeddable":true,"href":"https:\/\/portaldeyoung.uy\/index.php\/wp-json\/wp\/v2\/media\/6204"}],"wp:attachment":[{"href":"https:\/\/portaldeyoung.uy\/index.php\/wp-json\/wp\/v2\/media?parent=6203"}],"wp:term":[{"taxonomy":"category","embeddable":true,"href":"https:\/\/portaldeyoung.uy\/index.php\/wp-json\/wp\/v2\/categories?post=6203"},{"taxonomy":"post_tag","embeddable":true,"href":"https:\/\/portaldeyoung.uy\/index.php\/wp-json\/wp\/v2\/tags?post=6203"}],"curies":[{"name":"wp","href":"https:\/\/api.w.org\/{rel}","templated":true}]}}