{"id":6021,"date":"2025-11-25T21:30:26","date_gmt":"2025-11-25T21:30:26","guid":{"rendered":"https:\/\/portaldeyoung.uy\/?p=6021"},"modified":"2025-11-26T20:08:06","modified_gmt":"2025-11-26T20:08:06","slug":"campana-de-prevencion-de-violencia-hacia-las-mujeres","status":"publish","type":"post","link":"https:\/\/portaldeyoung.uy\/index.php\/2025\/11\/25\/campana-de-prevencion-de-violencia-hacia-las-mujeres\/","title":{"rendered":"Campa\u00f1a de Prevenci\u00f3n de Violencia hacia las Mujeres"},"content":{"rendered":"\n<p>En el marco del <strong>25N<\/strong>, la Intendencia de R\u00edo Negro, a trav\u00e9s de la Unidad de Juventud, G\u00e9nero y Diversidad, acompa\u00f1\u00f3 en la ciudad de Young la actividad desarrollada por <strong>Fundaci\u00f3n El Paso<\/strong> en el marco de la campa\u00f1a internacional de <strong>L\u2019Or\u00e9al<\/strong>.<\/p>\n\n\n\n<p>La propuesta abord\u00f3 temas como el <strong>acoso callejero<\/strong> y otras formas de violencia en espacios p\u00fablicos, promoviendo la participaci\u00f3n activa de la comunidad y brindando herramientas para intervenir de manera segura. Hoy solo <strong>el 17%<\/strong> de estos casos recibe respuesta de quienes los presencian, lo que reafirma la necesidad de involucrarnos y actuar.<\/p>\n\n\n\n<p>Desde la Intendencia seguimos trabajando para construir <strong>entornos m\u00e1s seguros, respetuosos e igualitarios<\/strong> para todas las mujeres del departamento.<\/p>\n","protected":false},"excerpt":{"rendered":"<p>En el marco del 25N, la Intendencia de R\u00edo Negro, a trav\u00e9s de la Unidad de Juventud, G\u00e9nero y Diversidad, acompa\u00f1\u00f3 en la ciudad de<\/p>\n","protected":false},"author":1,"featured_media":6022,"comment_status":"closed","ping_status":"open","sticky":false,"template":"","format":"standard","meta":{"advgb_blocks_editor_width":"","advgb_blocks_columns_visual_guide":"","footnotes":"","jetpack_publicize_message":"","jetpack_publicize_feature_enabled":true,"jetpack_social_post_already_shared":true,"jetpack_social_options":{"image_generator_settings":{"template":"highway","default_image_id":0,"font":"","enabled":false},"version":2}},"categories":[4],"tags":[],"class_list":["post-6021","post","type-post","status-publish","format-standard","has-post-thumbnail","hentry","category-de-aca"],"author_meta":{"display_name":"Portal","author_link":"https:\/\/portaldeyoung.uy\/index.php\/author\/admin_port\/"},"featured_img":"https:\/\/portaldeyoung.uy\/wp-content\/uploads\/2025\/11\/violencia-contra-mujeres-300x169.jpg","jetpack_publicize_connections":[],"coauthors":[],"tax_additional":{"categories":{"linked":["<a href=\"https:\/\/portaldeyoung.uy\/index.php\/category\/de-aca\/\" class=\"advgb-post-tax-term\">De ac\u00e1<\/a>"],"unlinked":["<span class=\"advgb-post-tax-term\">De ac\u00e1<\/span>"]}},"comment_count":"0","relative_dates":{"created":"Publicado 5 meses hace","modified":"Actualizado 5 meses hace"},"absolute_dates":{"created":"Publicado el noviembre 25, 2025","modified":"Actualizado el noviembre 26, 2025"},"absolute_dates_time":{"created":"Publicado el noviembre 25, 2025 9:30 pm","modified":"Actualizado el noviembre 26, 2025 8:08 pm"},"featured_img_caption":"","series_order":"","_links":{"self":[{"href":"https:\/\/portaldeyoung.uy\/index.php\/wp-json\/wp\/v2\/posts\/6021","targetHints":{"allow":["GET"]}}],"collection":[{"href":"https:\/\/portaldeyoung.uy\/index.php\/wp-json\/wp\/v2\/posts"}],"about":[{"href":"https:\/\/portaldeyoung.uy\/index.php\/wp-json\/wp\/v2\/types\/post"}],"author":[{"embeddable":true,"href":"https:\/\/portaldeyoung.uy\/index.php\/wp-json\/wp\/v2\/users\/1"}],"replies":[{"embeddable":true,"href":"https:\/\/portaldeyoung.uy\/index.php\/wp-json\/wp\/v2\/comments?post=6021"}],"version-history":[{"count":1,"href":"https:\/\/portaldeyoung.uy\/index.php\/wp-json\/wp\/v2\/posts\/6021\/revisions"}],"predecessor-version":[{"id":6023,"href":"https:\/\/portaldeyoung.uy\/index.php\/wp-json\/wp\/v2\/posts\/6021\/revisions\/6023"}],"wp:featuredmedia":[{"embeddable":true,"href":"https:\/\/portaldeyoung.uy\/index.php\/wp-json\/wp\/v2\/media\/6022"}],"wp:attachment":[{"href":"https:\/\/portaldeyoung.uy\/index.php\/wp-json\/wp\/v2\/media?parent=6021"}],"wp:term":[{"taxonomy":"category","embeddable":true,"href":"https:\/\/portaldeyoung.uy\/index.php\/wp-json\/wp\/v2\/categories?post=6021"},{"taxonomy":"post_tag","embeddable":true,"href":"https:\/\/portaldeyoung.uy\/index.php\/wp-json\/wp\/v2\/tags?post=6021"}],"curies":[{"name":"wp","href":"https:\/\/api.w.org\/{rel}","templated":true}]}}