{"id":592,"date":"2025-06-19T12:22:13","date_gmt":"2025-06-19T12:22:13","guid":{"rendered":"https:\/\/portaldeyoung.uy\/?p=592"},"modified":"2025-06-23T14:14:46","modified_gmt":"2025-06-23T14:14:46","slug":"anna-paola-rossi-presentara-su-nuevo-libro-ya-no-me-duele-en-young","status":"publish","type":"post","link":"https:\/\/portaldeyoung.uy\/index.php\/2025\/06\/19\/anna-paola-rossi-presentara-su-nuevo-libro-ya-no-me-duele-en-young\/","title":{"rendered":"Anna Paola Rossi Presentar\u00e1 su Nuevo Libro \u00abYa no me duele\u00bb en Young"},"content":{"rendered":"\n<p>Este viernes 20 de junio, la terapeuta y escritora Anna Paola Rossi estar\u00e1 en Young para presentar su m\u00e1s reciente obra literaria, \u00abYa no me duele\u00bb. El evento se llevar\u00e1 a cabo en Pedra Librer\u00eda a partir de las 18:30 horas.<\/p>\n\n\n\n<p>\u00abYa no me duele\u00bb es el tercer libro de Rossi, editado en agosto pasado, que explora las experiencias positivas que la pandemia revel\u00f3 a pesar del dolor que caus\u00f3. Rossi describe c\u00f3mo este trabajo re\u00fane relatos que destacan la capacidad humana para sanar a trav\u00e9s de su m\u00e9todo terap\u00e9utico, el Movimiento Sanador Sist\u00e9mico. Este enfoque hol\u00edstico combina t\u00e9cnicas como la Regresi\u00f3n, la Som\u00e1tica, los Registros Ak\u00e1shicos y las Constelaciones Familiares, proporcionando una visi\u00f3n pragm\u00e1tica y esperanzadora que considera al individuo en su totalidad: alma, cuerpo, mente y esp\u00edritu.<\/p>\n\n\n\n<p>Los relatos del libro ilustran c\u00f3mo estas herramientas pueden influir en la sanaci\u00f3n de heridas emocionales profundas y fomentar la transformaci\u00f3n personal. Rossi, conocida por su prosa sencilla y atrapante, da vida a cada historia, ofreciendo una imagen clara de las luchas internas y el proceso de sanaci\u00f3n gradual.<\/p>\n\n\n\n<p>\u00abYa no me duele\u00bb no solo destaca la interconexi\u00f3n entre la mente, el cuerpo y el alma, sino que tambi\u00e9n ofrece una comprensi\u00f3n accesible de los principios fundamentales de estas terapias, siendo una lectura valiosa tanto para interesados en la sanaci\u00f3n emocional como para profesionales de la salud mental en busca de enfoques innovadores.<\/p>\n\n\n\n<p><\/p>\n","protected":false},"excerpt":{"rendered":"<p>Este viernes 20 de junio, la terapeuta y escritora Anna Paola Rossi estar\u00e1 en Young para presentar su m\u00e1s reciente obra literaria, \u00abYa no me<\/p>\n","protected":false},"author":1,"featured_media":0,"comment_status":"open","ping_status":"open","sticky":false,"template":"","format":"standard","meta":{"advgb_blocks_editor_width":"","advgb_blocks_columns_visual_guide":"","footnotes":"","jetpack_publicize_message":"","jetpack_publicize_feature_enabled":true,"jetpack_social_post_already_shared":true,"jetpack_social_options":{"image_generator_settings":{"template":"highway","default_image_id":0,"font":"","enabled":false},"version":2}},"categories":[4],"tags":[],"class_list":["post-592","post","type-post","status-publish","format-standard","hentry","category-de-aca"],"author_meta":{"display_name":"Portal","author_link":"https:\/\/portaldeyoung.uy\/index.php\/author\/admin_port\/"},"featured_img":null,"jetpack_publicize_connections":[],"coauthors":[],"tax_additional":{"categories":{"linked":["<a href=\"https:\/\/portaldeyoung.uy\/index.php\/category\/de-aca\/\" class=\"advgb-post-tax-term\">De ac\u00e1<\/a>"],"unlinked":["<span class=\"advgb-post-tax-term\">De ac\u00e1<\/span>"]}},"comment_count":"0","relative_dates":{"created":"Publicado 11 meses hace","modified":"Actualizado 10 meses hace"},"absolute_dates":{"created":"Publicado el junio 19, 2025","modified":"Actualizado el junio 23, 2025"},"absolute_dates_time":{"created":"Publicado el junio 19, 2025 12:22 pm","modified":"Actualizado el junio 23, 2025 2:14 pm"},"featured_img_caption":"","series_order":"","_links":{"self":[{"href":"https:\/\/portaldeyoung.uy\/index.php\/wp-json\/wp\/v2\/posts\/592","targetHints":{"allow":["GET"]}}],"collection":[{"href":"https:\/\/portaldeyoung.uy\/index.php\/wp-json\/wp\/v2\/posts"}],"about":[{"href":"https:\/\/portaldeyoung.uy\/index.php\/wp-json\/wp\/v2\/types\/post"}],"author":[{"embeddable":true,"href":"https:\/\/portaldeyoung.uy\/index.php\/wp-json\/wp\/v2\/users\/1"}],"replies":[{"embeddable":true,"href":"https:\/\/portaldeyoung.uy\/index.php\/wp-json\/wp\/v2\/comments?post=592"}],"version-history":[{"count":1,"href":"https:\/\/portaldeyoung.uy\/index.php\/wp-json\/wp\/v2\/posts\/592\/revisions"}],"predecessor-version":[{"id":594,"href":"https:\/\/portaldeyoung.uy\/index.php\/wp-json\/wp\/v2\/posts\/592\/revisions\/594"}],"wp:attachment":[{"href":"https:\/\/portaldeyoung.uy\/index.php\/wp-json\/wp\/v2\/media?parent=592"}],"wp:term":[{"taxonomy":"category","embeddable":true,"href":"https:\/\/portaldeyoung.uy\/index.php\/wp-json\/wp\/v2\/categories?post=592"},{"taxonomy":"post_tag","embeddable":true,"href":"https:\/\/portaldeyoung.uy\/index.php\/wp-json\/wp\/v2\/tags?post=592"}],"curies":[{"name":"wp","href":"https:\/\/api.w.org\/{rel}","templated":true}]}}