{"id":5894,"date":"2025-11-21T10:19:24","date_gmt":"2025-11-21T10:19:24","guid":{"rendered":"https:\/\/portaldeyoung.uy\/?p=5894"},"modified":"2025-11-25T21:58:28","modified_gmt":"2025-11-25T21:58:28","slug":"inau-llamado-para-educadores-en-young-y-fray-bentos","status":"publish","type":"post","link":"https:\/\/portaldeyoung.uy\/index.php\/2025\/11\/21\/inau-llamado-para-educadores-en-young-y-fray-bentos\/","title":{"rendered":"INAU: llamado para educadores en Young y Fray Bentos"},"content":{"rendered":"\n<p>El Instituto del Ni\u00f1o y Adolescente del Uruguay (INAU) abri\u00f3 un llamado p\u00fablico y abierto para cubrir funciones de educadores en los servicios que dependen de la Direcci\u00f3n Departamental de R\u00edo Negro, con cargos que se desempe\u00f1ar\u00e1n tanto en Fray Bentos como en la ciudad de Young. Del total de vacantes, el organismo prev\u00e9 destinar hasta 10 puestos espec\u00edficamente para Young, seg\u00fan disponibilidad financiera.<\/p>\n\n\n\n<p>El concurso es para cubrir 20 funciones de Atenci\u00f3n Integral VI, Serie Educaci\u00f3n, Escalaf\u00f3n AI, Grado 1, en car\u00e1cter de provisoriato por 24 meses. Los educadores seleccionados integrar\u00e1n equipos de trabajo en distintos centros de atenci\u00f3n \u2014como CAIF, Clubes de Ni\u00f1os, Centros Juveniles, CRL y dispositivos residenciales\u2014 desarrollando propuestas socioeducativas orientadas a la promoci\u00f3n y restituci\u00f3n de derechos de ni\u00f1os, ni\u00f1as, adolescentes y sus familias.&nbsp;<\/p>\n\n\n\n<p><strong>Funciones y condiciones<\/strong><\/p>\n\n\n\n<p>Las tareas incluyen la elaboraci\u00f3n de proyectos educativos, acompa\u00f1amiento en territorio, coordinaci\u00f3n con instituciones, planificaci\u00f3n de actividades y participaci\u00f3n en planes individuales de atenci\u00f3n. El r\u00e9gimen laboral supone 30 horas semanales, con disponibilidad para traslados dentro y fuera del departamento. La remuneraci\u00f3n nominal fijada para 2025 asciende a $58.357, incluyendo partidas por trato directo.&nbsp;<\/p>\n\n\n\n<p><strong>Requisitos para postularse<\/strong><\/p>\n\n\n\n<p>Podr\u00e1n inscribirse personas con bachillerato completo, c\u00e9dula y credencial vigentes, y constancia actualizada de domicilio en R\u00edo Negro. Tambi\u00e9n se contemplar\u00e1n los cupos establecidos por ley: 8% para personas afrodescendientes y 1% para personas trans, quienes deber\u00e1n presentar la documentaci\u00f3n correspondiente. Adem\u00e1s, se valorar\u00e1 formaci\u00f3n terciaria vinculada y experiencia en tareas socioeducativas.\u00a0<\/p>\n\n\n\n<p>Inscripciones y proceso de selecci\u00f3n<\/p>\n\n\n\n<p>Las inscripciones se realizar\u00e1n exclusivamente a trav\u00e9s del sitio web de INAU, desde el 2 de diciembre de 2025 a las 12:00 hasta el 16 de diciembre de 2025 a las 12:00. Los postulantes deber\u00e1n cargar en l\u00ednea toda la documentaci\u00f3n solicitada y luego asistir a una instancia presencial para validar los originales.&nbsp;<\/p>\n\n\n\n<p>El proceso de selecci\u00f3n incluye prueba escrita, evaluaci\u00f3n psicolaboral, evaluaci\u00f3n de m\u00e9ritos y entrevista personal, siendo eliminatorias todas las etapas excepto la valoraci\u00f3n de m\u00e9ritos. El concurso ser\u00e1 v\u00e1lido por dos a\u00f1os desde su homologaci\u00f3n.&nbsp;<\/p>\n\n\n\n<p><em>*Foto P\u00e1gina web INAU<\/em><\/p>\n","protected":false},"excerpt":{"rendered":"<p>El Instituto del Ni\u00f1o y Adolescente del Uruguay (INAU) abri\u00f3 un llamado p\u00fablico y abierto para cubrir funciones de educadores en los servicios que dependen<\/p>\n","protected":false},"author":1,"featured_media":5895,"comment_status":"closed","ping_status":"open","sticky":false,"template":"","format":"standard","meta":{"advgb_blocks_editor_width":"","advgb_blocks_columns_visual_guide":"","footnotes":"","jetpack_publicize_message":"","jetpack_publicize_feature_enabled":true,"jetpack_social_post_already_shared":true,"jetpack_social_options":{"image_generator_settings":{"template":"highway","default_image_id":0,"font":"","enabled":false},"version":2}},"categories":[29],"tags":[],"class_list":["post-5894","post","type-post","status-publish","format-standard","has-post-thumbnail","hentry","category-del-territorio"],"author_meta":{"display_name":"Portal","author_link":"https:\/\/portaldeyoung.uy\/index.php\/author\/admin_port\/"},"featured_img":"https:\/\/portaldeyoung.uy\/wp-content\/uploads\/2025\/11\/educadora-INAU-300x223.png","jetpack_publicize_connections":[],"coauthors":[],"tax_additional":{"categories":{"linked":["<a href=\"https:\/\/portaldeyoung.uy\/index.php\/category\/del-territorio\/\" class=\"advgb-post-tax-term\">Del territorio<\/a>"],"unlinked":["<span class=\"advgb-post-tax-term\">Del territorio<\/span>"]}},"comment_count":"0","relative_dates":{"created":"Publicado 5 meses hace","modified":"Actualizado 5 meses hace"},"absolute_dates":{"created":"Publicado el noviembre 21, 2025","modified":"Actualizado el noviembre 25, 2025"},"absolute_dates_time":{"created":"Publicado el noviembre 21, 2025 10:19 am","modified":"Actualizado el noviembre 25, 2025 9:58 pm"},"featured_img_caption":"","series_order":"","_links":{"self":[{"href":"https:\/\/portaldeyoung.uy\/index.php\/wp-json\/wp\/v2\/posts\/5894","targetHints":{"allow":["GET"]}}],"collection":[{"href":"https:\/\/portaldeyoung.uy\/index.php\/wp-json\/wp\/v2\/posts"}],"about":[{"href":"https:\/\/portaldeyoung.uy\/index.php\/wp-json\/wp\/v2\/types\/post"}],"author":[{"embeddable":true,"href":"https:\/\/portaldeyoung.uy\/index.php\/wp-json\/wp\/v2\/users\/1"}],"replies":[{"embeddable":true,"href":"https:\/\/portaldeyoung.uy\/index.php\/wp-json\/wp\/v2\/comments?post=5894"}],"version-history":[{"count":1,"href":"https:\/\/portaldeyoung.uy\/index.php\/wp-json\/wp\/v2\/posts\/5894\/revisions"}],"predecessor-version":[{"id":5896,"href":"https:\/\/portaldeyoung.uy\/index.php\/wp-json\/wp\/v2\/posts\/5894\/revisions\/5896"}],"wp:featuredmedia":[{"embeddable":true,"href":"https:\/\/portaldeyoung.uy\/index.php\/wp-json\/wp\/v2\/media\/5895"}],"wp:attachment":[{"href":"https:\/\/portaldeyoung.uy\/index.php\/wp-json\/wp\/v2\/media?parent=5894"}],"wp:term":[{"taxonomy":"category","embeddable":true,"href":"https:\/\/portaldeyoung.uy\/index.php\/wp-json\/wp\/v2\/categories?post=5894"},{"taxonomy":"post_tag","embeddable":true,"href":"https:\/\/portaldeyoung.uy\/index.php\/wp-json\/wp\/v2\/tags?post=5894"}],"curies":[{"name":"wp","href":"https:\/\/api.w.org\/{rel}","templated":true}]}}