{"id":5848,"date":"2025-11-20T10:02:43","date_gmt":"2025-11-20T10:02:43","guid":{"rendered":"https:\/\/portaldeyoung.uy\/?p=5848"},"modified":"2025-11-20T10:04:12","modified_gmt":"2025-11-20T10:04:12","slug":"trata-de-personas-paysandu-registra-un-20-mas-de-denuncias-que-montevideo","status":"publish","type":"post","link":"https:\/\/portaldeyoung.uy\/index.php\/2025\/11\/20\/trata-de-personas-paysandu-registra-un-20-mas-de-denuncias-que-montevideo\/","title":{"rendered":"Trata de personas: Paysand\u00fa registra un 20% m\u00e1s de denuncias que Montevideo"},"content":{"rendered":"\n<p>El fiscal Joaqu\u00edn Su\u00e1rez dijo a <em>Subrayado<\/em> que dicho departamento contin\u00faa sin Juzgado Especializado en G\u00e9nero y que los equipos fiscales no est\u00e1n completos, adem\u00e1s de haber perdido los refugios que brindaban contenci\u00f3n y protecci\u00f3n en este tipo de casos.<\/p>\n\n\n\n<p>Se realiz\u00f3 esta semana en <strong>Paysand\u00fa<\/strong> un evento donde se abordaron las estrategias y los desaf\u00edos para la atenci\u00f3n de la <strong>trata de personas<\/strong> y la explotaci\u00f3n sexual en la que participaron autoridades departamental y nacionales.<\/p>\n\n\n\n<p>El fiscal Joaqu\u00edn Su\u00e1rez dijo a <em>Subrayado<\/em> que hay un 20% m\u00e1s de <strong>denuncias<\/strong> de casos de trata de personas en ese departamento que en Montevideo.<\/p>\n\n\n\n<p>Su\u00e1rez indic\u00f3 que se trata de un delito muy complejo porque est\u00e1 en el marco del crimen organizado y con componentes de violencia sexual, de g\u00e9nero y de explotaci\u00f3n laboral.<\/p>\n\n\n\n<p>\u00abTenemos v\u00edctimas muy vulnerables y amenazadas que determinan que generalmente para resguardar estas situaciones no podamos partir de una denuncia, como suele ser cualquier tipo de delito. Necesitamos de los ojos de todos los referentes locales de todos los \u00e1mbitos tanto de Migraciones, de Salud, de Educaci\u00f3n, del abordaje de redes sociales para poder identificar a estas v\u00edctimas\u00bb.<\/p>\n\n\n\n<p>El fiscal coment\u00f3 que Paysand\u00fa contin\u00faa sin Juzgado Especializado en G\u00e9nero y que los equipos fiscales no est\u00e1n completos, adem\u00e1s de haber perdido los refugios que brindaban contenci\u00f3n y protecci\u00f3n en este tipo de casos.<\/p>\n\n\n\n<p>Consultado por <em>Subrayado<\/em> sobre la cercan\u00eda con Argentina y la permeabilidad en el r\u00edo Uruguay, el fiscal sostuvo que es de muy dif\u00edcil control y que existen antecedentes de trata por la utilizaci\u00f3n del r\u00edo.<\/p>\n\n\n\n<p>Adem\u00e1s, se\u00f1al\u00f3 que la explotaci\u00f3n se realiza de forma virtual, el reclutamiento se realiza por medio de redes sociales, las negociaciones para la trata por medio de aplicaciones y se ejecutan en casas privadas en horas de la noche y en fiestas.<\/p>\n\n\n\n<p>\u00abEs absolutamente vital tener contemplado este mundo digital con todas las dificultades que tiene eso para el control, sino tambi\u00e9n para poder despu\u00e9s unir esos medios de pruebas y llevarlos a juicio para que derive en una condena\u00bb.<\/p>\n","protected":false},"excerpt":{"rendered":"<p>El fiscal Joaqu\u00edn Su\u00e1rez dijo a Subrayado que dicho departamento contin\u00faa sin Juzgado Especializado en G\u00e9nero y que los equipos fiscales no est\u00e1n completos, adem\u00e1s<\/p>\n","protected":false},"author":1,"featured_media":5849,"comment_status":"closed","ping_status":"open","sticky":false,"template":"","format":"standard","meta":{"advgb_blocks_editor_width":"","advgb_blocks_columns_visual_guide":"","footnotes":"","jetpack_publicize_message":"El fiscal Joaqu\u00edn Su\u00e1rez dijo a Subrayado que dicho departamento contin\u00faa sin Juzgado Especializado en G\u00e9nero y que los equipos fiscales no est\u00e1n completos, adem\u00e1s de haber perdido los refugios que ...","jetpack_publicize_feature_enabled":false,"jetpack_social_post_already_shared":false,"jetpack_social_options":{"image_generator_settings":{"template":"highway","default_image_id":0,"font":"","enabled":false},"version":2}},"categories":[7],"tags":[],"class_list":["post-5848","post","type-post","status-publish","format-standard","has-post-thumbnail","hentry","category-del-pais"],"author_meta":{"display_name":"Portal","author_link":"https:\/\/portaldeyoung.uy\/index.php\/author\/admin_port\/"},"featured_img":"https:\/\/portaldeyoung.uy\/wp-content\/uploads\/2025\/11\/prostituta-prostitucion-300x206.jpeg","jetpack_publicize_connections":[],"coauthors":[],"tax_additional":{"categories":{"linked":["<a href=\"https:\/\/portaldeyoung.uy\/index.php\/category\/del-pais\/\" class=\"advgb-post-tax-term\">Del pa\u00eds<\/a>"],"unlinked":["<span class=\"advgb-post-tax-term\">Del pa\u00eds<\/span>"]}},"comment_count":"0","relative_dates":{"created":"Publicado 5 meses hace","modified":"Actualizado 5 meses hace"},"absolute_dates":{"created":"Publicado el noviembre 20, 2025","modified":"Actualizado el noviembre 20, 2025"},"absolute_dates_time":{"created":"Publicado el noviembre 20, 2025 10:02 am","modified":"Actualizado el noviembre 20, 2025 10:04 am"},"featured_img_caption":"","series_order":"","_links":{"self":[{"href":"https:\/\/portaldeyoung.uy\/index.php\/wp-json\/wp\/v2\/posts\/5848","targetHints":{"allow":["GET"]}}],"collection":[{"href":"https:\/\/portaldeyoung.uy\/index.php\/wp-json\/wp\/v2\/posts"}],"about":[{"href":"https:\/\/portaldeyoung.uy\/index.php\/wp-json\/wp\/v2\/types\/post"}],"author":[{"embeddable":true,"href":"https:\/\/portaldeyoung.uy\/index.php\/wp-json\/wp\/v2\/users\/1"}],"replies":[{"embeddable":true,"href":"https:\/\/portaldeyoung.uy\/index.php\/wp-json\/wp\/v2\/comments?post=5848"}],"version-history":[{"count":1,"href":"https:\/\/portaldeyoung.uy\/index.php\/wp-json\/wp\/v2\/posts\/5848\/revisions"}],"predecessor-version":[{"id":5850,"href":"https:\/\/portaldeyoung.uy\/index.php\/wp-json\/wp\/v2\/posts\/5848\/revisions\/5850"}],"wp:featuredmedia":[{"embeddable":true,"href":"https:\/\/portaldeyoung.uy\/index.php\/wp-json\/wp\/v2\/media\/5849"}],"wp:attachment":[{"href":"https:\/\/portaldeyoung.uy\/index.php\/wp-json\/wp\/v2\/media?parent=5848"}],"wp:term":[{"taxonomy":"category","embeddable":true,"href":"https:\/\/portaldeyoung.uy\/index.php\/wp-json\/wp\/v2\/categories?post=5848"},{"taxonomy":"post_tag","embeddable":true,"href":"https:\/\/portaldeyoung.uy\/index.php\/wp-json\/wp\/v2\/tags?post=5848"}],"curies":[{"name":"wp","href":"https:\/\/api.w.org\/{rel}","templated":true}]}}