{"id":5560,"date":"2025-11-13T20:07:59","date_gmt":"2025-11-13T20:07:59","guid":{"rendered":"https:\/\/portaldeyoung.uy\/?p=5560"},"modified":"2025-11-14T11:27:17","modified_gmt":"2025-11-14T11:27:17","slug":"jornada-de-cierre-del-hogar-estudiantil-de-young","status":"publish","type":"post","link":"https:\/\/portaldeyoung.uy\/index.php\/2025\/11\/13\/jornada-de-cierre-del-hogar-estudiantil-de-young\/","title":{"rendered":"Jornada de cierre del Hogar Estudiantil de Young"},"content":{"rendered":"\n<p><strong>Becarios y equipo t\u00e9cnico compartieron una tarde de integraci\u00f3n y recreaci\u00f3n.<br><\/strong><br>En el Parque de la Ciudad de Young se llev\u00f3 adelante la jornada de cierre del a\u00f1o lectivo del Hogar Estudiantil de Young, un espacio de encuentro que reuni\u00f3 a becarios, equipo t\u00e9cnico y referentes de la Direcci\u00f3n de Pol\u00edticas Sociales de la Intendencia de R\u00edo Negro.<\/p>\n\n\n\n<p>Las actividades incluyeron propuestas recreativas y juegos al aire libre, coordinadas junto al \u00e1rea de Deportes, como forma de valorar el esfuerzo realizado durante el a\u00f1o y fortalecer la convivencia entre los j\u00f3venes.<\/p>\n\n\n\n<p>Desde el equipo t\u00e9cnico se\u00f1alaron que \u201cla idea fue generar un espacio de disfrute y cierre para los becarios, fruto de las propuestas que ellos mismos impulsaron a lo largo del a\u00f1o\u201d. Actualmente, el hogar cuenta con 26 becarios provenientes de distintas zonas rurales del departamento, quienes reciben acompa\u00f1amiento educativo, social y psicol\u00f3gico para sostener y fortalecer su trayectoria acad\u00e9mica.<\/p>\n\n\n\n<p>Durante la instancia tambi\u00e9n se realiz\u00f3 el cierre de la pr\u00e1ctica de las y los estudiantes de la Licenciatura en Trabajo Social, que durante todo el a\u00f1o acompa\u00f1aron los procesos y actividades del hogar.<\/p>\n\n\n\n<p><strong>Inscripciones abiertas para becas 2025<\/strong><\/p>\n\n\n\n<p>Del 1.\u00ba de diciembre al 20 de enero se recibir\u00e1n postulaciones para las becas de alojamiento y transporte de los hogares estudiantiles de la Intendencia (Young, Grecco, Fray Bentos y Montevideo).<\/p>\n\n\n\n<p>Las inscripciones podr\u00e1n realizarse en la Direcci\u00f3n de Pol\u00edticas Sociales (8:00 a 14:00 horas) o con los referentes locales en cada localidad rural.<\/p>\n\n\n\n<p><em>*IRN<\/em><\/p>\n","protected":false},"excerpt":{"rendered":"<p>Becarios y equipo t\u00e9cnico compartieron una tarde de integraci\u00f3n y recreaci\u00f3n.En el Parque de la Ciudad de Young se llev\u00f3 adelante la jornada de cierre<\/p>\n","protected":false},"author":1,"featured_media":5561,"comment_status":"closed","ping_status":"open","sticky":false,"template":"","format":"standard","meta":{"advgb_blocks_editor_width":"","advgb_blocks_columns_visual_guide":"","footnotes":"","jetpack_publicize_message":"","jetpack_publicize_feature_enabled":true,"jetpack_social_post_already_shared":true,"jetpack_social_options":{"image_generator_settings":{"template":"highway","default_image_id":0,"font":"","enabled":false},"version":2}},"categories":[4],"tags":[],"class_list":["post-5560","post","type-post","status-publish","format-standard","has-post-thumbnail","hentry","category-de-aca"],"author_meta":{"display_name":"Portal","author_link":"https:\/\/portaldeyoung.uy\/index.php\/author\/admin_port\/"},"featured_img":"https:\/\/portaldeyoung.uy\/wp-content\/uploads\/2025\/11\/cierre-hogar-estudiantil-300x169.jpg","jetpack_publicize_connections":[],"coauthors":[],"tax_additional":{"categories":{"linked":["<a href=\"https:\/\/portaldeyoung.uy\/index.php\/category\/de-aca\/\" class=\"advgb-post-tax-term\">De ac\u00e1<\/a>"],"unlinked":["<span class=\"advgb-post-tax-term\">De ac\u00e1<\/span>"]}},"comment_count":"0","relative_dates":{"created":"Publicado 6 meses hace","modified":"Actualizado 6 meses hace"},"absolute_dates":{"created":"Publicado el noviembre 13, 2025","modified":"Actualizado el noviembre 14, 2025"},"absolute_dates_time":{"created":"Publicado el noviembre 13, 2025 8:07 pm","modified":"Actualizado el noviembre 14, 2025 11:27 am"},"featured_img_caption":"","series_order":"","_links":{"self":[{"href":"https:\/\/portaldeyoung.uy\/index.php\/wp-json\/wp\/v2\/posts\/5560","targetHints":{"allow":["GET"]}}],"collection":[{"href":"https:\/\/portaldeyoung.uy\/index.php\/wp-json\/wp\/v2\/posts"}],"about":[{"href":"https:\/\/portaldeyoung.uy\/index.php\/wp-json\/wp\/v2\/types\/post"}],"author":[{"embeddable":true,"href":"https:\/\/portaldeyoung.uy\/index.php\/wp-json\/wp\/v2\/users\/1"}],"replies":[{"embeddable":true,"href":"https:\/\/portaldeyoung.uy\/index.php\/wp-json\/wp\/v2\/comments?post=5560"}],"version-history":[{"count":1,"href":"https:\/\/portaldeyoung.uy\/index.php\/wp-json\/wp\/v2\/posts\/5560\/revisions"}],"predecessor-version":[{"id":5562,"href":"https:\/\/portaldeyoung.uy\/index.php\/wp-json\/wp\/v2\/posts\/5560\/revisions\/5562"}],"wp:featuredmedia":[{"embeddable":true,"href":"https:\/\/portaldeyoung.uy\/index.php\/wp-json\/wp\/v2\/media\/5561"}],"wp:attachment":[{"href":"https:\/\/portaldeyoung.uy\/index.php\/wp-json\/wp\/v2\/media?parent=5560"}],"wp:term":[{"taxonomy":"category","embeddable":true,"href":"https:\/\/portaldeyoung.uy\/index.php\/wp-json\/wp\/v2\/categories?post=5560"},{"taxonomy":"post_tag","embeddable":true,"href":"https:\/\/portaldeyoung.uy\/index.php\/wp-json\/wp\/v2\/tags?post=5560"}],"curies":[{"name":"wp","href":"https:\/\/api.w.org\/{rel}","templated":true}]}}