{"id":5449,"date":"2025-11-11T20:23:34","date_gmt":"2025-11-11T20:23:34","guid":{"rendered":"https:\/\/portaldeyoung.uy\/?p=5449"},"modified":"2025-11-14T12:24:19","modified_gmt":"2025-11-14T12:24:19","slug":"taller-analisis-de-la-imagen-2024-se-desarrollo-en-casa-de-cultura-con-destacada-participacion","status":"publish","type":"post","link":"https:\/\/portaldeyoung.uy\/index.php\/2025\/11\/11\/taller-analisis-de-la-imagen-2024-se-desarrollo-en-casa-de-cultura-con-destacada-participacion\/","title":{"rendered":"Taller \u201cAn\u00e1lisis de la Imagen 2024\u201d se desarroll\u00f3 en Casa de Cultura con destacada participaci\u00f3n"},"content":{"rendered":"\n<p>El pasado fin de semana se llev\u00f3 a cabo en Casa de Cultura el <strong>Taller \u201cAn\u00e1lisis de la Imagen 2024\u201d<\/strong>, una instancia formativa organizada por el <strong>Foto Club Uruguayo<\/strong> y difundida por el Municipio de Young a trav\u00e9s de sus redes sociales.<\/p>\n\n\n\n<p>Durante la jornada, los participantes <strong>presentaron sus trabajos fotogr\u00e1ficos<\/strong>, entre ellos <strong>Andr\u00e9s Pereyra, Carla Ant\u00f3n, Fabiana N\u00fa\u00f1ez, Luis de \u00c1vila y Walter Castelli<\/strong>, quienes desarrollaron sus producciones bajo la gu\u00eda de la docente <strong>Solange Pastorino<\/strong>.<\/p>\n\n\n\n<p>La <strong>Alcaldesa Ana Cecilia Rodr\u00edguez<\/strong> resalt\u00f3 la importancia de este tipo de propuestas culturales, que \u201c<strong>promueven la formaci\u00f3n, la creatividad y el intercambio art\u00edstico en nuestra comunidad<\/strong>\u201d, subrayando adem\u00e1s el valor de continuar generando espacios que impulsen el crecimiento de artistas locales.<\/p>\n\n\n\n<p>El taller dej\u00f3 una positiva impresi\u00f3n entre asistentes y expositores, consolid\u00e1ndose como un aporte significativo al desarrollo cultural de Young.<\/p>\n\n\n\n<figure class=\"wp-block-embed is-type-video is-provider-youtube wp-block-embed-youtube wp-embed-aspect-16-9 wp-has-aspect-ratio\"><div class=\"wp-block-embed__wrapper\">\n<iframe loading=\"lazy\" title=\"Foto club | Patrimonio Silencioso | 14-3-2025\" width=\"640\" height=\"360\" src=\"https:\/\/www.youtube.com\/embed\/2PnZp11Pjtk?feature=oembed\" frameborder=\"0\" allow=\"accelerometer; autoplay; clipboard-write; encrypted-media; gyroscope; picture-in-picture; web-share\" referrerpolicy=\"strict-origin-when-cross-origin\" allowfullscreen><\/iframe>\n<\/div><\/figure>\n","protected":false},"excerpt":{"rendered":"<p>El pasado fin de semana se llev\u00f3 a cabo en Casa de Cultura el Taller \u201cAn\u00e1lisis de la Imagen 2024\u201d, una instancia formativa organizada por<\/p>\n","protected":false},"author":1,"featured_media":5450,"comment_status":"closed","ping_status":"open","sticky":false,"template":"","format":"standard","meta":{"advgb_blocks_editor_width":"","advgb_blocks_columns_visual_guide":"","footnotes":"","jetpack_publicize_message":"","jetpack_publicize_feature_enabled":true,"jetpack_social_post_already_shared":true,"jetpack_social_options":{"image_generator_settings":{"template":"highway","default_image_id":0,"font":"","enabled":false},"version":2}},"categories":[28],"tags":[],"class_list":["post-5449","post","type-post","status-publish","format-standard","has-post-thumbnail","hentry","category-de-la-ciudad"],"author_meta":{"display_name":"Portal","author_link":"https:\/\/portaldeyoung.uy\/index.php\/author\/admin_port\/"},"featured_img":"https:\/\/portaldeyoung.uy\/wp-content\/uploads\/2025\/11\/Muestra-fotografica-300x225.jpg","jetpack_publicize_connections":[],"coauthors":[],"tax_additional":{"categories":{"linked":["<a href=\"https:\/\/portaldeyoung.uy\/index.php\/category\/de-la-ciudad\/\" class=\"advgb-post-tax-term\">De la ciudad<\/a>"],"unlinked":["<span class=\"advgb-post-tax-term\">De la ciudad<\/span>"]}},"comment_count":"0","relative_dates":{"created":"Publicado 6 meses hace","modified":"Actualizado 6 meses hace"},"absolute_dates":{"created":"Publicado el noviembre 11, 2025","modified":"Actualizado el noviembre 14, 2025"},"absolute_dates_time":{"created":"Publicado el noviembre 11, 2025 8:23 pm","modified":"Actualizado el noviembre 14, 2025 12:24 pm"},"featured_img_caption":"","series_order":"","_links":{"self":[{"href":"https:\/\/portaldeyoung.uy\/index.php\/wp-json\/wp\/v2\/posts\/5449","targetHints":{"allow":["GET"]}}],"collection":[{"href":"https:\/\/portaldeyoung.uy\/index.php\/wp-json\/wp\/v2\/posts"}],"about":[{"href":"https:\/\/portaldeyoung.uy\/index.php\/wp-json\/wp\/v2\/types\/post"}],"author":[{"embeddable":true,"href":"https:\/\/portaldeyoung.uy\/index.php\/wp-json\/wp\/v2\/users\/1"}],"replies":[{"embeddable":true,"href":"https:\/\/portaldeyoung.uy\/index.php\/wp-json\/wp\/v2\/comments?post=5449"}],"version-history":[{"count":1,"href":"https:\/\/portaldeyoung.uy\/index.php\/wp-json\/wp\/v2\/posts\/5449\/revisions"}],"predecessor-version":[{"id":5451,"href":"https:\/\/portaldeyoung.uy\/index.php\/wp-json\/wp\/v2\/posts\/5449\/revisions\/5451"}],"wp:featuredmedia":[{"embeddable":true,"href":"https:\/\/portaldeyoung.uy\/index.php\/wp-json\/wp\/v2\/media\/5450"}],"wp:attachment":[{"href":"https:\/\/portaldeyoung.uy\/index.php\/wp-json\/wp\/v2\/media?parent=5449"}],"wp:term":[{"taxonomy":"category","embeddable":true,"href":"https:\/\/portaldeyoung.uy\/index.php\/wp-json\/wp\/v2\/categories?post=5449"},{"taxonomy":"post_tag","embeddable":true,"href":"https:\/\/portaldeyoung.uy\/index.php\/wp-json\/wp\/v2\/tags?post=5449"}],"curies":[{"name":"wp","href":"https:\/\/api.w.org\/{rel}","templated":true}]}}