{"id":5446,"date":"2025-11-11T19:58:02","date_gmt":"2025-11-11T19:58:02","guid":{"rendered":"https:\/\/portaldeyoung.uy\/?p=5446"},"modified":"2025-11-13T11:10:04","modified_gmt":"2025-11-13T11:10:04","slug":"la-atencion-social-con-nuevas-oficinas-en-nuestra-ciudad-y-una-gestion-mas-integrada","status":"publish","type":"post","link":"https:\/\/portaldeyoung.uy\/index.php\/2025\/11\/11\/la-atencion-social-con-nuevas-oficinas-en-nuestra-ciudad-y-una-gestion-mas-integrada\/","title":{"rendered":"La atenci\u00f3n social con nuevas oficinas en nuestra ciudad y una gesti\u00f3n m\u00e1s integrada"},"content":{"rendered":"\n<p>La Intendencia de R\u00edo Negro formaliz\u00f3 el traslado de la Direcci\u00f3n de Pol\u00edticas Sociales a un nuevo local en la ciudad de Young, un espacio m\u00e1s amplio, accesible y adecuado para mejorar la atenci\u00f3n a la comunidad y las condiciones de trabajo del equipo t\u00e9cnico. Las oficinas incorpora adem\u00e1s un dep\u00f3sito destinado a la operativa de INDA, optimizando la gesti\u00f3n de los servicios alimentarios.<\/p>\n\n\n\n<p>Las autoridades destacaron que este cambio representa un avance significativo en materia de privacidad, comodidad y eficiencia, respondiendo a una necesidad hist\u00f3rica tanto en Young como en Fray Bentos, donde ya se proyectan mejoras similares.<\/p>\n\n\n\n<p>Paralelamente, la Direcci\u00f3n General de Desarrollo Humano contin\u00faa fortaleciendo su trabajo territorial, ajustando las \u00e1reas de Cultura y Deporte, y profundizando la coordinaci\u00f3n interinstitucional con Salud, Educaci\u00f3n, MIDES y dem\u00e1s organismos, para evitar superposiciones y garantizar respuestas m\u00e1s efectivas.<\/p>\n\n\n\n<p>La Direcci\u00f3n de Pol\u00edticas Sociales avanza asimismo en el cierre anual de los hogares estudiantiles del departamento, la planificaci\u00f3n de inscripciones 2026 y el seguimiento de programas como Plan Guido y Uruguay Impulsa. Tambi\u00e9n trabaja en mejoras en los comedores de INDA y en el dise\u00f1o del presupuesto 2026\u20132030, que incorporar\u00e1 nuevas \u00e1reas como Discapacidad.<\/p>\n\n\n\n<p><\/p>\n","protected":false},"excerpt":{"rendered":"<p>La Intendencia de R\u00edo Negro formaliz\u00f3 el traslado de la Direcci\u00f3n de Pol\u00edticas Sociales a un nuevo local en la ciudad de Young, un espacio<\/p>\n","protected":false},"author":1,"featured_media":5447,"comment_status":"closed","ping_status":"open","sticky":false,"template":"","format":"standard","meta":{"advgb_blocks_editor_width":"","advgb_blocks_columns_visual_guide":"","footnotes":"","jetpack_publicize_message":"","jetpack_publicize_feature_enabled":true,"jetpack_social_post_already_shared":true,"jetpack_social_options":{"image_generator_settings":{"template":"highway","default_image_id":0,"font":"","enabled":false},"version":2}},"categories":[28],"tags":[],"class_list":["post-5446","post","type-post","status-publish","format-standard","has-post-thumbnail","hentry","category-de-la-ciudad"],"author_meta":{"display_name":"Portal","author_link":"https:\/\/portaldeyoung.uy\/index.php\/author\/admin_port\/"},"featured_img":"https:\/\/portaldeyoung.uy\/wp-content\/uploads\/2025\/11\/Politicas-sociales-300x169.jpg","jetpack_publicize_connections":[],"coauthors":[],"tax_additional":{"categories":{"linked":["<a href=\"https:\/\/portaldeyoung.uy\/index.php\/category\/de-la-ciudad\/\" class=\"advgb-post-tax-term\">De la ciudad<\/a>"],"unlinked":["<span class=\"advgb-post-tax-term\">De la ciudad<\/span>"]}},"comment_count":"0","relative_dates":{"created":"Publicado 6 meses hace","modified":"Actualizado 6 meses hace"},"absolute_dates":{"created":"Publicado el noviembre 11, 2025","modified":"Actualizado el noviembre 13, 2025"},"absolute_dates_time":{"created":"Publicado el noviembre 11, 2025 7:58 pm","modified":"Actualizado el noviembre 13, 2025 11:10 am"},"featured_img_caption":"","series_order":"","_links":{"self":[{"href":"https:\/\/portaldeyoung.uy\/index.php\/wp-json\/wp\/v2\/posts\/5446","targetHints":{"allow":["GET"]}}],"collection":[{"href":"https:\/\/portaldeyoung.uy\/index.php\/wp-json\/wp\/v2\/posts"}],"about":[{"href":"https:\/\/portaldeyoung.uy\/index.php\/wp-json\/wp\/v2\/types\/post"}],"author":[{"embeddable":true,"href":"https:\/\/portaldeyoung.uy\/index.php\/wp-json\/wp\/v2\/users\/1"}],"replies":[{"embeddable":true,"href":"https:\/\/portaldeyoung.uy\/index.php\/wp-json\/wp\/v2\/comments?post=5446"}],"version-history":[{"count":1,"href":"https:\/\/portaldeyoung.uy\/index.php\/wp-json\/wp\/v2\/posts\/5446\/revisions"}],"predecessor-version":[{"id":5448,"href":"https:\/\/portaldeyoung.uy\/index.php\/wp-json\/wp\/v2\/posts\/5446\/revisions\/5448"}],"wp:featuredmedia":[{"embeddable":true,"href":"https:\/\/portaldeyoung.uy\/index.php\/wp-json\/wp\/v2\/media\/5447"}],"wp:attachment":[{"href":"https:\/\/portaldeyoung.uy\/index.php\/wp-json\/wp\/v2\/media?parent=5446"}],"wp:term":[{"taxonomy":"category","embeddable":true,"href":"https:\/\/portaldeyoung.uy\/index.php\/wp-json\/wp\/v2\/categories?post=5446"},{"taxonomy":"post_tag","embeddable":true,"href":"https:\/\/portaldeyoung.uy\/index.php\/wp-json\/wp\/v2\/tags?post=5446"}],"curies":[{"name":"wp","href":"https:\/\/api.w.org\/{rel}","templated":true}]}}