{"id":5440,"date":"2025-11-11T19:47:30","date_gmt":"2025-11-11T19:47:30","guid":{"rendered":"https:\/\/portaldeyoung.uy\/?p=5440"},"modified":"2025-11-13T11:10:20","modified_gmt":"2025-11-13T11:10:20","slug":"jornada-de-capacitacion-sobre-combate-de-incendios-forestales-en-young","status":"publish","type":"post","link":"https:\/\/portaldeyoung.uy\/index.php\/2025\/11\/11\/jornada-de-capacitacion-sobre-combate-de-incendios-forestales-en-young\/","title":{"rendered":"Jornada de capacitaci\u00f3n sobre combate de incendios forestales en Young"},"content":{"rendered":"\n<p>El pr\u00f3ximo 20 de noviembre se realizar\u00e1 en Young una <strong>Jornada de Capacitaci\u00f3n en Combate de Incendios Forestales<\/strong>, una instancia formativa especialmente dirigida a quienes trabajan en el \u00e1mbito rural, personal vinculado a tareas forestales y a toda persona interesada en adquirir herramientas para la prevenci\u00f3n y el control de siniestros.<\/p>\n\n\n\n<p>La actividad tendr\u00e1 lugar en el <strong>Centro de Capacitaci\u00f3n Agropecuaria (CCA)<\/strong> de la Sociedad Rural de R\u00edo Negro, comenzando a la hora <strong>16:00<\/strong>.<\/p>\n\n\n\n<p>El encuentro es organizado por <strong>Academia \u2013 Formando Futuro<\/strong>, <strong>Montes del Plata<\/strong>, el <strong>Centro de Capacitaci\u00f3n Agropecuaria<\/strong> y la <strong>Sociedad Rural de R\u00edo Negro<\/strong>, con el objetivo de fortalecer las capacidades locales ante la creciente importancia de la gesti\u00f3n del riesgo y la respuesta r\u00e1pida frente a incendios forestales.<\/p>\n\n\n\n<p>Se invita a productores, trabajadores rurales y a la comunidad en general a participar de esta jornada, que busca promover pr\u00e1cticas seguras y eficientes en la protecci\u00f3n del entorno natural.<\/p>\n","protected":false},"excerpt":{"rendered":"<p>El pr\u00f3ximo 20 de noviembre se realizar\u00e1 en Young una Jornada de Capacitaci\u00f3n en Combate de Incendios Forestales, una instancia formativa especialmente dirigida a quienes<\/p>\n","protected":false},"author":1,"featured_media":4634,"comment_status":"closed","ping_status":"open","sticky":false,"template":"","format":"standard","meta":{"advgb_blocks_editor_width":"","advgb_blocks_columns_visual_guide":"","footnotes":"","jetpack_publicize_message":"El pr\u00f3ximo 20 de noviembre se realizar\u00e1 en Young una Jornada de Capacitaci\u00f3n en Combate de Incendios Forestales, una instancia formativa especialmente dirigida a quienes trabajan en el \u00e1mbito ...","jetpack_publicize_feature_enabled":false,"jetpack_social_post_already_shared":false,"jetpack_social_options":{"image_generator_settings":{"template":"highway","default_image_id":0,"font":"","enabled":false},"version":2}},"categories":[28],"tags":[],"class_list":["post-5440","post","type-post","status-publish","format-standard","has-post-thumbnail","hentry","category-de-la-ciudad"],"author_meta":{"display_name":"Portal","author_link":"https:\/\/portaldeyoung.uy\/index.php\/author\/admin_port\/"},"featured_img":"https:\/\/portaldeyoung.uy\/wp-content\/uploads\/2025\/10\/CAPACITACION-Incendios-300x169.jpg","jetpack_publicize_connections":[],"coauthors":[],"tax_additional":{"categories":{"linked":["<a href=\"https:\/\/portaldeyoung.uy\/index.php\/category\/de-la-ciudad\/\" class=\"advgb-post-tax-term\">De la ciudad<\/a>"],"unlinked":["<span class=\"advgb-post-tax-term\">De la ciudad<\/span>"]}},"comment_count":"0","relative_dates":{"created":"Publicado 6 meses hace","modified":"Actualizado 6 meses hace"},"absolute_dates":{"created":"Publicado el noviembre 11, 2025","modified":"Actualizado el noviembre 13, 2025"},"absolute_dates_time":{"created":"Publicado el noviembre 11, 2025 7:47 pm","modified":"Actualizado el noviembre 13, 2025 11:10 am"},"featured_img_caption":"","series_order":"","_links":{"self":[{"href":"https:\/\/portaldeyoung.uy\/index.php\/wp-json\/wp\/v2\/posts\/5440","targetHints":{"allow":["GET"]}}],"collection":[{"href":"https:\/\/portaldeyoung.uy\/index.php\/wp-json\/wp\/v2\/posts"}],"about":[{"href":"https:\/\/portaldeyoung.uy\/index.php\/wp-json\/wp\/v2\/types\/post"}],"author":[{"embeddable":true,"href":"https:\/\/portaldeyoung.uy\/index.php\/wp-json\/wp\/v2\/users\/1"}],"replies":[{"embeddable":true,"href":"https:\/\/portaldeyoung.uy\/index.php\/wp-json\/wp\/v2\/comments?post=5440"}],"version-history":[{"count":1,"href":"https:\/\/portaldeyoung.uy\/index.php\/wp-json\/wp\/v2\/posts\/5440\/revisions"}],"predecessor-version":[{"id":5441,"href":"https:\/\/portaldeyoung.uy\/index.php\/wp-json\/wp\/v2\/posts\/5440\/revisions\/5441"}],"wp:featuredmedia":[{"embeddable":true,"href":"https:\/\/portaldeyoung.uy\/index.php\/wp-json\/wp\/v2\/media\/4634"}],"wp:attachment":[{"href":"https:\/\/portaldeyoung.uy\/index.php\/wp-json\/wp\/v2\/media?parent=5440"}],"wp:term":[{"taxonomy":"category","embeddable":true,"href":"https:\/\/portaldeyoung.uy\/index.php\/wp-json\/wp\/v2\/categories?post=5440"},{"taxonomy":"post_tag","embeddable":true,"href":"https:\/\/portaldeyoung.uy\/index.php\/wp-json\/wp\/v2\/tags?post=5440"}],"curies":[{"name":"wp","href":"https:\/\/api.w.org\/{rel}","templated":true}]}}