{"id":5419,"date":"2025-11-11T19:08:47","date_gmt":"2025-11-11T19:08:47","guid":{"rendered":"https:\/\/portaldeyoung.uy\/?p=5419"},"modified":"2025-11-11T19:09:15","modified_gmt":"2025-11-11T19:09:15","slug":"este-miercoles-se-realizan-las-elecciones-universitarias","status":"publish","type":"post","link":"https:\/\/portaldeyoung.uy\/index.php\/2025\/11\/11\/este-miercoles-se-realizan-las-elecciones-universitarias\/","title":{"rendered":"Este mi\u00e9rcoles se realizan las elecciones universitarias"},"content":{"rendered":"\n<p>Son obligatorias para estudiantes, egresados y docentes.<\/p>\n\n\n\n<p>Este mi\u00e9rcoles se realizan las elecciones universitarias obligatorias, en las que estudiantes, egresados y docentes deben ir a votar.<\/p>\n\n\n\n<p><strong>Qu\u00e9 se elige<\/strong><\/p>\n\n\n\n<p>Asamblea General del Claustro: 3 miembros por el orden docente, 2 miembros por los egresados y 2 por los estudiantes.<br>Asamblea del Claustro de Facultad o Instituto asimilado: 15 miembros por los docentes, 10 por los egresados y 10 por los estudiantes.<br>Consejo de Facultad o Instituto asimilado a Facultad: 3 miembros del orden estudiantil para todas las facultades excepto Facultad de Derecho, 5 (miembros) del orden docente para Facultad de Artes y Facultad de Informaci\u00f3n y Comunicaci\u00f3n, 3 (tres) miembros del orden egresados para Facultad de Artes, Facultad de Informaci\u00f3n y Comunicaci\u00f3n y Facultad de Ciencias Sociales.<br>En todos los \u00f3rganos conjuntamente con los titulares se elegir\u00e1n doble n\u00famero de suplentes.<\/p>\n\n\n\n<p><strong>Habilitados para votar<\/strong><\/p>\n\n\n\n<p>Est\u00e1n habilitados para votar los estudiantes, docentes y egresados de la Universidad del la Rep\u00fablica que se encuentren incluidos en el padr\u00f3n de habilitados.<\/p>\n\n\n\n<p>En caso de no encontrar resultados en la b\u00fasqueda por c\u00e9dula, por favor, intente nuevamente utilizando la b\u00fasqueda por nombre (o viceversa).<\/p>\n\n\n\n<p>Los electores deber\u00e1n votar en todas las Facultades o Institutos asimilados a Facultad en las que se encuentren habilitados, en el orden que le corresponde en cada una de ellos.<\/p>\n\n\n\n<p><strong>D\u00f3nde votar<\/strong><\/p>\n\n\n\n<p>Podr\u00e1 consultar el circuito donde le corresponde votar en el buscador del <strong><a href=\"https:\/\/buscador-universitarias.corteelectoral.gub.uy\/buscadores.buscadoruniversitarias2025.aspx\" target=\"_blank\" rel=\"noreferrer noopener\">padr\u00f3n de habilitados<\/a><\/strong>.<\/p>\n\n\n\n<p>La b\u00fasqueda se podr\u00e1 realizar por c\u00e9dula de identidad o por nombre y apellido.<\/p>\n\n\n\n<p>El buscador indicar\u00e1 si la persona est\u00e1 o no habilitada para votar. En caso afirmativo, figurar\u00e1n su nombre y apellido; orden y facultad; n\u00famero, direcci\u00f3n y departamento del circuito y si este es accesible.<\/p>\n\n\n\n<p><em>*Foto: Mauricio Zina \/ adhocFOTOS<\/em><\/p>\n","protected":false},"excerpt":{"rendered":"<p>Son obligatorias para estudiantes, egresados y docentes. Este mi\u00e9rcoles se realizan las elecciones universitarias obligatorias, en las que estudiantes, egresados y docentes deben ir a<\/p>\n","protected":false},"author":1,"featured_media":5420,"comment_status":"closed","ping_status":"open","sticky":false,"template":"","format":"standard","meta":{"advgb_blocks_editor_width":"","advgb_blocks_columns_visual_guide":"","footnotes":"","jetpack_publicize_message":"Son obligatorias para estudiantes, egresados y docentes...","jetpack_publicize_feature_enabled":false,"jetpack_social_post_already_shared":false,"jetpack_social_options":{"image_generator_settings":{"template":"highway","default_image_id":0,"font":"","enabled":false},"version":2}},"categories":[7],"tags":[],"class_list":["post-5419","post","type-post","status-publish","format-standard","has-post-thumbnail","hentry","category-del-pais"],"author_meta":{"display_name":"Portal","author_link":"https:\/\/portaldeyoung.uy\/index.php\/author\/admin_port\/"},"featured_img":"https:\/\/portaldeyoung.uy\/wp-content\/uploads\/2025\/11\/elecciones-universitarias-300x159.png","jetpack_publicize_connections":[],"coauthors":[],"tax_additional":{"categories":{"linked":["<a href=\"https:\/\/portaldeyoung.uy\/index.php\/category\/del-pais\/\" class=\"advgb-post-tax-term\">Del pa\u00eds<\/a>"],"unlinked":["<span class=\"advgb-post-tax-term\">Del pa\u00eds<\/span>"]}},"comment_count":"0","relative_dates":{"created":"Publicado 6 meses hace","modified":"Actualizado 6 meses hace"},"absolute_dates":{"created":"Publicado el noviembre 11, 2025","modified":"Actualizado el noviembre 11, 2025"},"absolute_dates_time":{"created":"Publicado el noviembre 11, 2025 7:08 pm","modified":"Actualizado el noviembre 11, 2025 7:09 pm"},"featured_img_caption":"","series_order":"","_links":{"self":[{"href":"https:\/\/portaldeyoung.uy\/index.php\/wp-json\/wp\/v2\/posts\/5419","targetHints":{"allow":["GET"]}}],"collection":[{"href":"https:\/\/portaldeyoung.uy\/index.php\/wp-json\/wp\/v2\/posts"}],"about":[{"href":"https:\/\/portaldeyoung.uy\/index.php\/wp-json\/wp\/v2\/types\/post"}],"author":[{"embeddable":true,"href":"https:\/\/portaldeyoung.uy\/index.php\/wp-json\/wp\/v2\/users\/1"}],"replies":[{"embeddable":true,"href":"https:\/\/portaldeyoung.uy\/index.php\/wp-json\/wp\/v2\/comments?post=5419"}],"version-history":[{"count":1,"href":"https:\/\/portaldeyoung.uy\/index.php\/wp-json\/wp\/v2\/posts\/5419\/revisions"}],"predecessor-version":[{"id":5421,"href":"https:\/\/portaldeyoung.uy\/index.php\/wp-json\/wp\/v2\/posts\/5419\/revisions\/5421"}],"wp:featuredmedia":[{"embeddable":true,"href":"https:\/\/portaldeyoung.uy\/index.php\/wp-json\/wp\/v2\/media\/5420"}],"wp:attachment":[{"href":"https:\/\/portaldeyoung.uy\/index.php\/wp-json\/wp\/v2\/media?parent=5419"}],"wp:term":[{"taxonomy":"category","embeddable":true,"href":"https:\/\/portaldeyoung.uy\/index.php\/wp-json\/wp\/v2\/categories?post=5419"},{"taxonomy":"post_tag","embeddable":true,"href":"https:\/\/portaldeyoung.uy\/index.php\/wp-json\/wp\/v2\/tags?post=5419"}],"curies":[{"name":"wp","href":"https:\/\/api.w.org\/{rel}","templated":true}]}}