{"id":5343,"date":"2025-11-07T11:03:41","date_gmt":"2025-11-07T11:03:41","guid":{"rendered":"https:\/\/portaldeyoung.uy\/?p=5343"},"modified":"2025-11-11T19:22:31","modified_gmt":"2025-11-11T19:22:31","slug":"comienza-la-asesoria-en-becas-2026-apoyo-a-estudiantes-de-rio-negro","status":"publish","type":"post","link":"https:\/\/portaldeyoung.uy\/index.php\/2025\/11\/07\/comienza-la-asesoria-en-becas-2026-apoyo-a-estudiantes-de-rio-negro\/","title":{"rendered":"Comienza la Asesor\u00eda en Becas 2026: apoyo a estudiantes de R\u00edo Negro"},"content":{"rendered":"\n<p><strong>La Unidad de Juventud de la Intendencia de R\u00edo Negro, a trav\u00e9s del Departamento de Pol\u00edticas Sociales, informa que se encuentra abierta la asesor\u00eda para postulaciones a becas 2026, dirigida a j\u00f3venes del departamento que deseen continuar sus estudios en distintos niveles educativos.<\/strong><\/p>\n\n\n\n<p>El programa brinda orientaci\u00f3n sobre becas de alojamiento, transporte y Fondo de Solidaridad, adem\u00e1s de apoyo para el uso del portal nacional <a href=\"https:\/\/becas.edu.uy\" target=\"_blank\" rel=\"noreferrer noopener\">becas.edu.uy<\/a>, donde se pueden consultar todas las opciones disponibles seg\u00fan edad, nivel acad\u00e9mico y departamento.<\/p>\n\n\n\n<p>La Intendencia tambi\u00e9n gestiona becas de alojamiento en hogares estudiantiles de Grecco, Young, Fray Bentos y Montevideo, destinadas a estudiantes en situaci\u00f3n de vulnerabilidad socioecon\u00f3mica. Las consultas e inscripciones pueden realizarse en las oficinas del Departamento de Pol\u00edticas Sociales:<\/p>\n\n\n\n<ul class=\"wp-block-list\">\n<li>Fray Bentos: Terminal de \u00d3mnibus | Tel. 1935 int. 1621 al 1628<\/li>\n\n\n\n<li>Young: 18 de julio 1217 esquina Salto | Tel. 1935 int. 2621 \/ 2622<\/li>\n<\/ul>\n\n\n\n<p>Los plazos de inscripci\u00f3n se extender\u00e1n del 1.\u00ba de diciembre al 20 de enero.<br>Consultas al correo: <a href=\"mailto:becas@rionegro.gub.uy\" target=\"_blank\" rel=\"noreferrer noopener\">becas@rionegro.gub.uy<\/a><\/p>\n\n\n\n<figure class=\"wp-block-image size-large\"><img loading=\"lazy\" decoding=\"async\" width=\"819\" height=\"1024\" src=\"https:\/\/portaldeyoung.uy\/wp-content\/uploads\/2025\/11\/ASERORIA-becas-819x1024.jpg\" alt=\"\" class=\"wp-image-5344\" srcset=\"https:\/\/portaldeyoung.uy\/wp-content\/uploads\/2025\/11\/ASERORIA-becas-819x1024.jpg 819w, https:\/\/portaldeyoung.uy\/wp-content\/uploads\/2025\/11\/ASERORIA-becas-240x300.jpg 240w, https:\/\/portaldeyoung.uy\/wp-content\/uploads\/2025\/11\/ASERORIA-becas-768x960.jpg 768w, https:\/\/portaldeyoung.uy\/wp-content\/uploads\/2025\/11\/ASERORIA-becas-1229x1536.jpg 1229w, https:\/\/portaldeyoung.uy\/wp-content\/uploads\/2025\/11\/ASERORIA-becas.jpg 1638w\" sizes=\"auto, (max-width: 819px) 100vw, 819px\" \/><\/figure>\n","protected":false},"excerpt":{"rendered":"<p>La Unidad de Juventud de la Intendencia de R\u00edo Negro, a trav\u00e9s del Departamento de Pol\u00edticas Sociales, informa que se encuentra abierta la asesor\u00eda para<\/p>\n","protected":false},"author":1,"featured_media":5345,"comment_status":"closed","ping_status":"open","sticky":false,"template":"","format":"standard","meta":{"advgb_blocks_editor_width":"","advgb_blocks_columns_visual_guide":"","footnotes":"","jetpack_publicize_message":"","jetpack_publicize_feature_enabled":true,"jetpack_social_post_already_shared":true,"jetpack_social_options":{"image_generator_settings":{"template":"highway","default_image_id":0,"font":"","enabled":false},"version":2}},"categories":[29],"tags":[],"class_list":["post-5343","post","type-post","status-publish","format-standard","has-post-thumbnail","hentry","category-del-territorio"],"author_meta":{"display_name":"Portal","author_link":"https:\/\/portaldeyoung.uy\/index.php\/author\/admin_port\/"},"featured_img":"https:\/\/portaldeyoung.uy\/wp-content\/uploads\/2025\/11\/becas-300x169.jpg","jetpack_publicize_connections":[],"coauthors":[],"tax_additional":{"categories":{"linked":["<a href=\"https:\/\/portaldeyoung.uy\/index.php\/category\/del-territorio\/\" class=\"advgb-post-tax-term\">Del territorio<\/a>"],"unlinked":["<span class=\"advgb-post-tax-term\">Del territorio<\/span>"]}},"comment_count":"0","relative_dates":{"created":"Publicado 6 meses hace","modified":"Actualizado 6 meses hace"},"absolute_dates":{"created":"Publicado el noviembre 7, 2025","modified":"Actualizado el noviembre 11, 2025"},"absolute_dates_time":{"created":"Publicado el noviembre 7, 2025 11:03 am","modified":"Actualizado el noviembre 11, 2025 7:22 pm"},"featured_img_caption":"","series_order":"","_links":{"self":[{"href":"https:\/\/portaldeyoung.uy\/index.php\/wp-json\/wp\/v2\/posts\/5343","targetHints":{"allow":["GET"]}}],"collection":[{"href":"https:\/\/portaldeyoung.uy\/index.php\/wp-json\/wp\/v2\/posts"}],"about":[{"href":"https:\/\/portaldeyoung.uy\/index.php\/wp-json\/wp\/v2\/types\/post"}],"author":[{"embeddable":true,"href":"https:\/\/portaldeyoung.uy\/index.php\/wp-json\/wp\/v2\/users\/1"}],"replies":[{"embeddable":true,"href":"https:\/\/portaldeyoung.uy\/index.php\/wp-json\/wp\/v2\/comments?post=5343"}],"version-history":[{"count":1,"href":"https:\/\/portaldeyoung.uy\/index.php\/wp-json\/wp\/v2\/posts\/5343\/revisions"}],"predecessor-version":[{"id":5346,"href":"https:\/\/portaldeyoung.uy\/index.php\/wp-json\/wp\/v2\/posts\/5343\/revisions\/5346"}],"wp:featuredmedia":[{"embeddable":true,"href":"https:\/\/portaldeyoung.uy\/index.php\/wp-json\/wp\/v2\/media\/5345"}],"wp:attachment":[{"href":"https:\/\/portaldeyoung.uy\/index.php\/wp-json\/wp\/v2\/media?parent=5343"}],"wp:term":[{"taxonomy":"category","embeddable":true,"href":"https:\/\/portaldeyoung.uy\/index.php\/wp-json\/wp\/v2\/categories?post=5343"},{"taxonomy":"post_tag","embeddable":true,"href":"https:\/\/portaldeyoung.uy\/index.php\/wp-json\/wp\/v2\/tags?post=5343"}],"curies":[{"name":"wp","href":"https:\/\/api.w.org\/{rel}","templated":true}]}}