{"id":5337,"date":"2025-11-07T10:55:13","date_gmt":"2025-11-07T10:55:13","guid":{"rendered":"https:\/\/portaldeyoung.uy\/?p=5337"},"modified":"2025-11-07T10:55:15","modified_gmt":"2025-11-07T10:55:15","slug":"la-saque-barata-el-relato-de-olga-fue-embestida-por-un-omnibus-termino-abajo-del-vehiculo-y-sobrevivio","status":"publish","type":"post","link":"https:\/\/portaldeyoung.uy\/index.php\/2025\/11\/07\/la-saque-barata-el-relato-de-olga-fue-embestida-por-un-omnibus-termino-abajo-del-vehiculo-y-sobrevivio\/","title":{"rendered":"\u00abLa saqu\u00e9 barata\u00bb: el relato de Olga, fue embestida por un \u00f3mnibus, termin\u00f3 abajo del veh\u00edculo y sobrevivi\u00f3"},"content":{"rendered":"\n<p>El siniestro de tr\u00e1nsito ocurri\u00f3 el martes de tarde en el centro de Las Piedras. El \u00f3mnibus se detuvo en Artigas y Cabrera, la mujer comenz\u00f3 a cruzar la calle, pero el veh\u00edculo continu\u00f3 la marcha.<\/p>\n\n\n\n<p>Olga Yolanda G\u00f3mez tiene 80 a\u00f1os, fue embestida por un \u00f3mnibus, termin\u00f3 abajo del veh\u00edculo y sobrevivi\u00f3.<\/p>\n\n\n\n<p>El <strong>siniestro de tr\u00e1nsito<\/strong> ocurri\u00f3 sobre las 14:30 horas del martes 4 en avenida Artigas y Pilar Cabrera, pleno centro de la ciudad de <strong>Las Piedras<\/strong> en Canelones.<\/p>\n\n\n\n<p>La <strong>mujer<\/strong> cont\u00f3 a <em><strong>Subrayado<\/strong><\/em> que hab\u00eda salido del hospital y se dirig\u00eda a la parada del \u00f3mnibus para tomarse el 175. Camin\u00f3 y se par\u00f3 en la esquina de Artigas y Cabrera con la intenci\u00f3n de cruzar la calle.<\/p>\n\n\n\n<p>En ese momento, ven\u00eda un \u00f3mnibus de turismo que se detuvo en el cruce. Ella pens\u00f3 que le daba paso, alcanz\u00f3 a cruzar la mitad de la calle, pero el chofer arranc\u00f3 la marcha. La mujer fue embestida y termin\u00f3 abajo del \u00f3mnibus.<\/p>\n\n\n\n<p>Olga asegur\u00f3 que se mantuvo consciente y en ning\u00fan momento perdi\u00f3 el conocimiento. Un bombero se tir\u00f3 abajo del \u00f3mnibus para acompa\u00f1arla mientras llegaban los servicios de emergencia al lugar para rescatarla y darle la primera atenci\u00f3n m\u00e9dica.<\/p>\n\n\n\n<p>\u00abLa saqu\u00e9 barata, gracias a Dios\u00bb, relat\u00f3. \u00abYa varias veces he vuelto a nacer\u00bb, sostuvo. Agradeci\u00f3 al personal de emergencia y a quienes se movilizaron r\u00e1pidamente para ayudarla.<\/p>\n","protected":false},"excerpt":{"rendered":"<p>El siniestro de tr\u00e1nsito ocurri\u00f3 el martes de tarde en el centro de Las Piedras. El \u00f3mnibus se detuvo en Artigas y Cabrera, la mujer<\/p>\n","protected":false},"author":1,"featured_media":5338,"comment_status":"closed","ping_status":"open","sticky":false,"template":"","format":"standard","meta":{"advgb_blocks_editor_width":"","advgb_blocks_columns_visual_guide":"","footnotes":"","jetpack_publicize_message":"","jetpack_publicize_feature_enabled":false,"jetpack_social_post_already_shared":false,"jetpack_social_options":{"image_generator_settings":{"template":"highway","default_image_id":0,"font":"","enabled":false},"version":2}},"categories":[7],"tags":[],"class_list":["post-5337","post","type-post","status-publish","format-standard","has-post-thumbnail","hentry","category-del-pais"],"author_meta":{"display_name":"Portal","author_link":"https:\/\/portaldeyoung.uy\/index.php\/author\/admin_port\/"},"featured_img":"https:\/\/portaldeyoung.uy\/wp-content\/uploads\/2025\/11\/mujer-atropellada-300x192.png","jetpack_publicize_connections":[],"coauthors":[],"tax_additional":{"categories":{"linked":["<a href=\"https:\/\/portaldeyoung.uy\/index.php\/category\/del-pais\/\" class=\"advgb-post-tax-term\">Del pa\u00eds<\/a>"],"unlinked":["<span class=\"advgb-post-tax-term\">Del pa\u00eds<\/span>"]}},"comment_count":"0","relative_dates":{"created":"Publicado 6 meses hace","modified":"Actualizado 6 meses hace"},"absolute_dates":{"created":"Publicado el noviembre 7, 2025","modified":"Actualizado el noviembre 7, 2025"},"absolute_dates_time":{"created":"Publicado el noviembre 7, 2025 10:55 am","modified":"Actualizado el noviembre 7, 2025 10:55 am"},"featured_img_caption":"","series_order":"","_links":{"self":[{"href":"https:\/\/portaldeyoung.uy\/index.php\/wp-json\/wp\/v2\/posts\/5337","targetHints":{"allow":["GET"]}}],"collection":[{"href":"https:\/\/portaldeyoung.uy\/index.php\/wp-json\/wp\/v2\/posts"}],"about":[{"href":"https:\/\/portaldeyoung.uy\/index.php\/wp-json\/wp\/v2\/types\/post"}],"author":[{"embeddable":true,"href":"https:\/\/portaldeyoung.uy\/index.php\/wp-json\/wp\/v2\/users\/1"}],"replies":[{"embeddable":true,"href":"https:\/\/portaldeyoung.uy\/index.php\/wp-json\/wp\/v2\/comments?post=5337"}],"version-history":[{"count":1,"href":"https:\/\/portaldeyoung.uy\/index.php\/wp-json\/wp\/v2\/posts\/5337\/revisions"}],"predecessor-version":[{"id":5339,"href":"https:\/\/portaldeyoung.uy\/index.php\/wp-json\/wp\/v2\/posts\/5337\/revisions\/5339"}],"wp:featuredmedia":[{"embeddable":true,"href":"https:\/\/portaldeyoung.uy\/index.php\/wp-json\/wp\/v2\/media\/5338"}],"wp:attachment":[{"href":"https:\/\/portaldeyoung.uy\/index.php\/wp-json\/wp\/v2\/media?parent=5337"}],"wp:term":[{"taxonomy":"category","embeddable":true,"href":"https:\/\/portaldeyoung.uy\/index.php\/wp-json\/wp\/v2\/categories?post=5337"},{"taxonomy":"post_tag","embeddable":true,"href":"https:\/\/portaldeyoung.uy\/index.php\/wp-json\/wp\/v2\/tags?post=5337"}],"curies":[{"name":"wp","href":"https:\/\/api.w.org\/{rel}","templated":true}]}}