{"id":5327,"date":"2025-11-07T10:36:10","date_gmt":"2025-11-07T10:36:10","guid":{"rendered":"https:\/\/portaldeyoung.uy\/?p=5327"},"modified":"2025-11-07T10:41:41","modified_gmt":"2025-11-07T10:41:41","slug":"paycueros-anuncia-44-despidos-segun-el-sindicato","status":"publish","type":"post","link":"https:\/\/portaldeyoung.uy\/index.php\/2025\/11\/07\/paycueros-anuncia-44-despidos-segun-el-sindicato\/","title":{"rendered":"Paycueros anuncia 44 despidos, seg\u00fan el sindicato"},"content":{"rendered":"\n<p>Adem\u00e1s, pedir\u00e1 una extensi\u00f3n del seguro de paro para decenas de trabajadores.<\/p>\n\n\n\n<p>La empresa Paycueros anunci\u00f3 este jueves el despido de 44 trabajadores y que solicitar\u00e1 al Ministerio de Trabajo y Seguridad Social (MTSS) la extensi\u00f3n del seguro de paro para decenas de otros trabajadores, indic\u00f3 a <em><strong>Noticias 5<\/strong> <\/em>el dirigente sindical Antonio Ferreira.<\/p>\n\n\n\n<p>Seg\u00fan explic\u00f3, en la reuni\u00f3n mantenida esta ma\u00f1ana la empresa cambi\u00f3 la postura que ten\u00eda en la v\u00edspera, cuando se manejaba que&nbsp;134 trabajadores iban a ser despedidos. Ahora se maneja una cifra menos de despidos y se espera por una respuesta positiva del MTSS, que no hab\u00eda definido una posible pr\u00f3rroga de los seguros de desempleo porque la firma de Paysand\u00fa no lo hab\u00eda solicitado.<\/p>\n\n\n\n<p>Dicha pr\u00f3rroga abarcar\u00eda a empleados que ya estaban en seguro de paro y a otros que ir\u00edan a la brevedad.<\/p>\n\n\n\n<p>Ferreira coment\u00f3 que conf\u00edan en una respuesta positiva del MTSS, a pesar de lo cual el conflicto est\u00e1 presente porque igualmente habr\u00eda p\u00e9rdida de puestos laborales.<\/p>\n\n\n\n<p>Asimismo, cont\u00f3 que desconocen qui\u00e9nes ser\u00edan despedidos, porque la empresa determin\u00f3 convocar uno a uno a los involucrados y comunic\u00e1rselo directamente.<\/p>\n\n\n\n<p>Adelant\u00f3 que en las pr\u00f3ximas horas realizar\u00e1n una asamblea para resolver las medidas a tomar, entre las que se cuenta hacer un paro de 24 o 48 horas .<\/p>\n\n\n\n<p>La empresa manifest\u00f3 a <em><strong>Noticias 5<\/strong><\/em> que por el momento no habr\u00e1 comunicado ni declaraciones de prensa al respecto.<\/p>\n\n\n\n<p><em>*Medios P\u00fablicos<\/em><\/p>\n","protected":false},"excerpt":{"rendered":"<p>Adem\u00e1s, pedir\u00e1 una extensi\u00f3n del seguro de paro para decenas de trabajadores. La empresa Paycueros anunci\u00f3 este jueves el despido de 44 trabajadores y que<\/p>\n","protected":false},"author":1,"featured_media":1826,"comment_status":"closed","ping_status":"open","sticky":false,"template":"","format":"standard","meta":{"advgb_blocks_editor_width":"","advgb_blocks_columns_visual_guide":"","footnotes":"","jetpack_publicize_message":"La empresa Paycueros anunci\u00f3 este jueves el despido de 44 trabajadores y que solicitar\u00e1 al Ministerio de Trabajo y Seguridad Social (MTSS) la extensi\u00f3n del seguro de paro para decenas de otros trabajadores ...","jetpack_publicize_feature_enabled":false,"jetpack_social_post_already_shared":false,"jetpack_social_options":{"image_generator_settings":{"template":"highway","default_image_id":0,"font":"","enabled":false},"version":2}},"categories":[7],"tags":[],"class_list":["post-5327","post","type-post","status-publish","format-standard","has-post-thumbnail","hentry","category-del-pais"],"author_meta":{"display_name":"Portal","author_link":"https:\/\/portaldeyoung.uy\/index.php\/author\/admin_port\/"},"featured_img":"https:\/\/portaldeyoung.uy\/wp-content\/uploads\/2025\/07\/paycueros-300x200.jpg","jetpack_publicize_connections":[],"coauthors":[],"tax_additional":{"categories":{"linked":["<a href=\"https:\/\/portaldeyoung.uy\/index.php\/category\/del-pais\/\" class=\"advgb-post-tax-term\">Del pa\u00eds<\/a>"],"unlinked":["<span class=\"advgb-post-tax-term\">Del pa\u00eds<\/span>"]}},"comment_count":"0","relative_dates":{"created":"Publicado 6 meses hace","modified":"Actualizado 6 meses hace"},"absolute_dates":{"created":"Publicado el noviembre 7, 2025","modified":"Actualizado el noviembre 7, 2025"},"absolute_dates_time":{"created":"Publicado el noviembre 7, 2025 10:36 am","modified":"Actualizado el noviembre 7, 2025 10:41 am"},"featured_img_caption":"","series_order":"","_links":{"self":[{"href":"https:\/\/portaldeyoung.uy\/index.php\/wp-json\/wp\/v2\/posts\/5327","targetHints":{"allow":["GET"]}}],"collection":[{"href":"https:\/\/portaldeyoung.uy\/index.php\/wp-json\/wp\/v2\/posts"}],"about":[{"href":"https:\/\/portaldeyoung.uy\/index.php\/wp-json\/wp\/v2\/types\/post"}],"author":[{"embeddable":true,"href":"https:\/\/portaldeyoung.uy\/index.php\/wp-json\/wp\/v2\/users\/1"}],"replies":[{"embeddable":true,"href":"https:\/\/portaldeyoung.uy\/index.php\/wp-json\/wp\/v2\/comments?post=5327"}],"version-history":[{"count":1,"href":"https:\/\/portaldeyoung.uy\/index.php\/wp-json\/wp\/v2\/posts\/5327\/revisions"}],"predecessor-version":[{"id":5328,"href":"https:\/\/portaldeyoung.uy\/index.php\/wp-json\/wp\/v2\/posts\/5327\/revisions\/5328"}],"wp:featuredmedia":[{"embeddable":true,"href":"https:\/\/portaldeyoung.uy\/index.php\/wp-json\/wp\/v2\/media\/1826"}],"wp:attachment":[{"href":"https:\/\/portaldeyoung.uy\/index.php\/wp-json\/wp\/v2\/media?parent=5327"}],"wp:term":[{"taxonomy":"category","embeddable":true,"href":"https:\/\/portaldeyoung.uy\/index.php\/wp-json\/wp\/v2\/categories?post=5327"},{"taxonomy":"post_tag","embeddable":true,"href":"https:\/\/portaldeyoung.uy\/index.php\/wp-json\/wp\/v2\/tags?post=5327"}],"curies":[{"name":"wp","href":"https:\/\/api.w.org\/{rel}","templated":true}]}}