{"id":5281,"date":"2025-11-06T10:49:19","date_gmt":"2025-11-06T10:49:19","guid":{"rendered":"https:\/\/portaldeyoung.uy\/?p=5281"},"modified":"2025-11-12T13:11:40","modified_gmt":"2025-11-12T13:11:40","slug":"montes-del-plata-incorporo-una-nueva-area-de-alto-valor-de-conservacion-en-rio-negro","status":"publish","type":"post","link":"https:\/\/portaldeyoung.uy\/index.php\/2025\/11\/06\/montes-del-plata-incorporo-una-nueva-area-de-alto-valor-de-conservacion-en-rio-negro\/","title":{"rendered":"Montes del Plata incorpor\u00f3 una nueva \u00c1rea de Alto Valor de Conservaci\u00f3n en R\u00edo Negro"},"content":{"rendered":"\n<p><em>Ya son nueve estas \u00e1reas que Montes del Plata conserva en distintas regiones del pa\u00eds. Todas ellas forman parte de su plan de manejo forestal certificado por FSC\u00ae, que asegura los m\u00e1s altos est\u00e1ndares internacionales en conservaci\u00f3n y producci\u00f3n responsable.<\/em><\/p>\n\n\n\n<p> Montes del Plata incorpor\u00f3 una nueva \u00c1rea de Alto Valor de Conservaci\u00f3n (AAVC) en el predio Las Lilas, en el departamento de R\u00edo Negro, fortaleciendo su compromiso con la conservaci\u00f3n de la biodiversidad en coexistencia con la producci\u00f3n forestal responsable. El \u00e1rea, denominada \u201cPastizales de Las Lilas y aves asociadas\u201d, abarca unas 248 hect\u00e1reas y ha sido catalogada como AVC 3 \u2013 Ecosistemas y h\u00e1bitats raros, amenazados o en peligro. Se encuentra dentro de la eco-regi\u00f3n Cuenca Sedimentaria del Oeste, pr\u00f3xima al paraje Paso de Balbuena, y constituye un ecosistema clave dentro de la unidad de praderas estivales con parque.<\/p>\n\n\n\n<p>Los pastizales son uno de los ecosistemas m\u00e1s caracter\u00edsticos de Uruguay y su conservaci\u00f3n resulta fundamental para mantener especies de flora y fauna que dependen exclusivamente de estos ambientes. Montes del Plata mantiene en total m\u00e1s de 90.000 hect\u00e1reas de pastizales, reafirmando el equilibrio entre producci\u00f3n y conservaci\u00f3n, y esta \u00e1rea es la primera de pastizales catalogada de \u201calto valor de conservaci\u00f3n\u201d por sus caracter\u00edsticas particulares.<\/p>\n\n\n\n<p>\u201cEn Montes del Plata entendemos que la producci\u00f3n debe ir de la mano con la conservaci\u00f3n. La incorporaci\u00f3n de esta nueva \u00c1rea de Alto Valor de Conservaci\u00f3n, con el manejo espec\u00edfico que implica haber sido catalogada como tal, representa un nuevo hito en nuestro compromiso de dejar un legado positivo para las futuras generaciones\u201d, se\u00f1al\u00f3 Carolina Moreira, Gerente Senior de Sostenibilidad y Comunicaciones de Montes del Plata.<\/p>\n\n\n\n<p><strong>Relevancia ecol\u00f3gica<\/strong><\/p>\n\n\n\n<p>Entre 2022 y 2024 se realizaron monitoreos en el predio denominado Las Lilas que permitieron identificar 16 especies de aves especialistas de pastizal, de las cuales seis est\u00e1n consideradas prioritarias para la conservaci\u00f3n por el Sistema Nacional de \u00c1reas Protegidas (SNAP) y la Uni\u00f3n Internacional para la Conservaci\u00f3n de la Naturaleza (UICN).<\/p>\n\n\n\n<p>Entre las especies registradas en el \u00e1rea se destacan el \u00f1and\u00fa (Rhea americana), la martineta (Rhynchotus rufescens), la ratonera aperdizada (Cistothorus platensis), el curuti\u00e9 ocr\u00e1ceo (Limnoctites sulphuriferus), el coludo chico (Emberizoides ypiranganus) y distintos capuchinos (Sporophila spp.), aves emblem\u00e1ticas de los pastizales del Cono Sur.<\/p>\n\n\n\n<p><strong>Medidas de manejo<\/strong><\/p>\n\n\n\n<p>Para asegurar la conservaci\u00f3n de este ecosistema, se implementaron diversas medidas de manejo y protecci\u00f3n. Entre ellas se incluye el manejo controlado del pastoreo, regulado mediante alambrados que permiten un uso sostenible del \u00e1rea; el control de especies ex\u00f3ticas invasoras, como la espina de cristo (Gleditsia triacanthos); la prevenci\u00f3n de la caza furtiva, apoyada en carteler\u00eda, vigilancia y denuncias cuando corresponde; la restricci\u00f3n en el uso de agroqu\u00edmicos y la prohibici\u00f3n del ingreso de animales dom\u00e9sticos; as\u00ed como un plan de control de incendios, integrado al sistema de vigilancia de Montes del Plata.<\/p>\n\n\n\n<p>El monitoreo continuar\u00e1 de forma anual durante los pr\u00f3ximos cinco a\u00f1os y luego con frecuencia bienal, evaluando tanto la riqueza de aves como el estado del pastizal.<\/p>\n\n\n\n<p><strong>Certificaci\u00f3n internacional<\/strong><\/p>\n\n\n\n<p>El \u00e1rea est\u00e1 certificada por el Forest Stewardship Council\u00ae (FSC\u00ae) y PEFC (Programme for the Endorsement of Forest Certification), los est\u00e1ndares de manejo forestal responsable m\u00e1s reconocidos a nivel mundial. Esto significa que la gesti\u00f3n de la AAVC cumple con estrictos criterios ambientales, sociales y de gobernanza, garantizando que la producci\u00f3n forestal de Montes del Plata se realiza respetando la biodiversidad, los ecosistemas de alto valor y las comunidades locales.<\/p>\n\n\n\n<p><strong>N\u00ba de licencias:<\/strong><\/p>\n\n\n\n<p>FSC\u00ae-C016979 \/ FSC\u00ae-C023409 \/ FSC\u00ae-C116413<br>PEFC\/36-31-003 &#8211; PEFC\/36-22-003 &#8211; PEFC\/36-31-002<\/p>\n\n\n\n<p><strong>Acerca de Montes del Plata<\/strong><\/p>\n\n\n\n<p>Montes del Plata es una empresa forestal-industrial fundada en Uruguay en el a\u00f1o 2009 a partir de la uni\u00f3n en Uruguay de dos compa\u00f1\u00edas l\u00edderes de la industria forestal: Stora Enso (sueco-finlandesa) y Arauco (chilena), dedicada a la producci\u00f3n de pulpa de celulosa de Eucalyptus.<\/p>\n\n\n\n<p>Su celulosa se produce en un complejo industrial de \u00faltima tecnolog\u00eda pr\u00f3ximo a Conchillas, en el departamento de Colonia, que genera a su vez energ\u00eda el\u00e9ctrica renovable.<\/p>\n\n\n\n<p>Tiene m\u00e1s de 190.000 hect\u00e1reas de plantaciones forestales propias y en acuerdos con productores locales distribuidas en 16 departamentos del pa\u00eds, las cuales se integran con montes nativos y otras \u00e1reas naturales que se conservan. Desde la producci\u00f3n de plantines en un vivero propio hasta la exportaci\u00f3n de celulosa, Montes del Plata involucra en toda su cadena productiva a unas 6500 personas. La empresa mantiene di\u00e1logo permanente con las comunidades cercanas a sus operaciones, apoyando el desarrollo local.<\/p>\n","protected":false},"excerpt":{"rendered":"<p>Ya son nueve estas \u00e1reas que Montes del Plata conserva en distintas regiones del pa\u00eds. Todas ellas forman parte de su plan de manejo forestal<\/p>\n","protected":false},"author":1,"featured_media":5282,"comment_status":"closed","ping_status":"open","sticky":false,"template":"","format":"standard","meta":{"advgb_blocks_editor_width":"","advgb_blocks_columns_visual_guide":"","footnotes":"","jetpack_publicize_message":"","jetpack_publicize_feature_enabled":true,"jetpack_social_post_already_shared":true,"jetpack_social_options":{"image_generator_settings":{"template":"highway","default_image_id":0,"font":"","enabled":false},"version":2}},"categories":[29],"tags":[],"class_list":["post-5281","post","type-post","status-publish","format-standard","has-post-thumbnail","hentry","category-del-territorio"],"author_meta":{"display_name":"Portal","author_link":"https:\/\/portaldeyoung.uy\/index.php\/author\/admin_port\/"},"featured_img":"https:\/\/portaldeyoung.uy\/wp-content\/uploads\/2025\/11\/Coludo-Chico_AAzpiroz-300x199.jpg","jetpack_publicize_connections":[],"coauthors":[],"tax_additional":{"categories":{"linked":["<a href=\"https:\/\/portaldeyoung.uy\/index.php\/category\/del-territorio\/\" class=\"advgb-post-tax-term\">Del territorio<\/a>"],"unlinked":["<span class=\"advgb-post-tax-term\">Del territorio<\/span>"]}},"comment_count":"0","relative_dates":{"created":"Publicado 6 meses hace","modified":"Actualizado 6 meses hace"},"absolute_dates":{"created":"Publicado el noviembre 6, 2025","modified":"Actualizado el noviembre 12, 2025"},"absolute_dates_time":{"created":"Publicado el noviembre 6, 2025 10:49 am","modified":"Actualizado el noviembre 12, 2025 1:11 pm"},"featured_img_caption":"","series_order":"","_links":{"self":[{"href":"https:\/\/portaldeyoung.uy\/index.php\/wp-json\/wp\/v2\/posts\/5281","targetHints":{"allow":["GET"]}}],"collection":[{"href":"https:\/\/portaldeyoung.uy\/index.php\/wp-json\/wp\/v2\/posts"}],"about":[{"href":"https:\/\/portaldeyoung.uy\/index.php\/wp-json\/wp\/v2\/types\/post"}],"author":[{"embeddable":true,"href":"https:\/\/portaldeyoung.uy\/index.php\/wp-json\/wp\/v2\/users\/1"}],"replies":[{"embeddable":true,"href":"https:\/\/portaldeyoung.uy\/index.php\/wp-json\/wp\/v2\/comments?post=5281"}],"version-history":[{"count":1,"href":"https:\/\/portaldeyoung.uy\/index.php\/wp-json\/wp\/v2\/posts\/5281\/revisions"}],"predecessor-version":[{"id":5283,"href":"https:\/\/portaldeyoung.uy\/index.php\/wp-json\/wp\/v2\/posts\/5281\/revisions\/5283"}],"wp:featuredmedia":[{"embeddable":true,"href":"https:\/\/portaldeyoung.uy\/index.php\/wp-json\/wp\/v2\/media\/5282"}],"wp:attachment":[{"href":"https:\/\/portaldeyoung.uy\/index.php\/wp-json\/wp\/v2\/media?parent=5281"}],"wp:term":[{"taxonomy":"category","embeddable":true,"href":"https:\/\/portaldeyoung.uy\/index.php\/wp-json\/wp\/v2\/categories?post=5281"},{"taxonomy":"post_tag","embeddable":true,"href":"https:\/\/portaldeyoung.uy\/index.php\/wp-json\/wp\/v2\/tags?post=5281"}],"curies":[{"name":"wp","href":"https:\/\/api.w.org\/{rel}","templated":true}]}}