{"id":5122,"date":"2025-11-03T10:18:45","date_gmt":"2025-11-03T10:18:45","guid":{"rendered":"https:\/\/portaldeyoung.uy\/?p=5122"},"modified":"2025-11-03T10:19:45","modified_gmt":"2025-11-03T10:19:45","slug":"se-conocieron-los-cuerpos-tecnicos-de-las-selecciones-de-young-que-disputaran-las-copas-nacionales-de-ofi","status":"publish","type":"post","link":"https:\/\/portaldeyoung.uy\/index.php\/2025\/11\/03\/se-conocieron-los-cuerpos-tecnicos-de-las-selecciones-de-young-que-disputaran-las-copas-nacionales-de-ofi\/","title":{"rendered":"Se conocieron los cuerpos t\u00e9cnicos de las selecciones de Young que disputar\u00e1n las Copas Nacionales de OFI"},"content":{"rendered":"\n<p>La Asociaci\u00f3n del F\u00fatbol de Young (AFY) confirm\u00f3 oficialmente los cuerpos t\u00e9cnicos que estar\u00e1n al frente de las selecciones que representar\u00e1n a la ciudad en las pr\u00f3ximas Copas Nacionales de Selecciones del Interior, organizadas por OFI.<\/p>\n\n\n\n<p>De esta manera, se da inicio a una nueva etapa marcada por el compromiso, el trabajo y el amor por la albirroja de Young, con el objetivo de realizar una destacada participaci\u00f3n en el torneo.<\/p>\n\n\n\n<p>El cuerpo t\u00e9cnico de la <strong>Selecci\u00f3n Absoluta<\/strong> ser\u00e1 encabezado por <strong>Tom\u00e1s Pagano<\/strong> como Director T\u00e9cnico.<br>En tanto, la <strong>Selecci\u00f3n Sub-17<\/strong> tendr\u00e1 como <strong>Director T\u00e9cnico a Ra\u00fal Santos<\/strong>, acompa\u00f1ado por <strong>Marcelo Guerra<\/strong> en el rol de <strong>Ayudante T\u00e9cnico<\/strong>.<\/p>\n\n\n\n<p>Desde AFY destacaron el entusiasmo con que se encara este nuevo ciclo.<\/p>\n\n\n\n<div class=\"wp-block-advgb-images-slider advgb-images-slider-block advg-images-slider-6db16fa6-9794-4a77-8026-6f8e4bc8a509\"><div class=\"advgb-images-slider\" dir=\"ltr\"><div class=\"advgb-image-slider-item\"><img decoding=\"async\" src=\"https:\/\/portaldeyoung.uy\/wp-content\/uploads\/2025\/11\/Guerra.jpg\" class=\"advgb-image-slider-img\" alt=\"\" style=\"width:100%;height:auto\"\/><div class=\"advgb-image-slider-item-info\" style=\"justify-content:center;align-items:center\"><\/div><\/div><div class=\"advgb-image-slider-item\"><img decoding=\"async\" src=\"https:\/\/portaldeyoung.uy\/wp-content\/uploads\/2025\/11\/PAGANO.jpg\" class=\"advgb-image-slider-img\" alt=\"\" style=\"width:100%;height:auto\"\/><div class=\"advgb-image-slider-item-info\" style=\"justify-content:center;align-items:center\"><\/div><\/div><div class=\"advgb-image-slider-item\"><img decoding=\"async\" src=\"https:\/\/portaldeyoung.uy\/wp-content\/uploads\/2025\/11\/Santos.jpg\" class=\"advgb-image-slider-img\" alt=\"\" style=\"width:100%;height:auto\"\/><div class=\"advgb-image-slider-item-info\" style=\"justify-content:center;align-items:center\"><\/div><\/div><\/div><\/div>\n","protected":false},"excerpt":{"rendered":"<p>La Asociaci\u00f3n del F\u00fatbol de Young (AFY) confirm\u00f3 oficialmente los cuerpos t\u00e9cnicos que estar\u00e1n al frente de las selecciones que representar\u00e1n a la ciudad en<\/p>\n","protected":false},"author":1,"featured_media":2081,"comment_status":"closed","ping_status":"open","sticky":false,"template":"","format":"standard","meta":{"advgb_blocks_editor_width":"","advgb_blocks_columns_visual_guide":"","footnotes":"","jetpack_publicize_message":"La Asociaci\u00f3n del F\u00fatbol de Young (AFY) confirm\u00f3 oficialmente los cuerpos t\u00e9cnicos que estar\u00e1n al frente de las selecciones que representar\u00e1n a la ciudad en las pr\u00f3ximas Copas Nacionales de Selecciones del Interior, organizadas por OFI...","jetpack_publicize_feature_enabled":false,"jetpack_social_post_already_shared":false,"jetpack_social_options":{"image_generator_settings":{"template":"highway","default_image_id":0,"font":"","enabled":false},"version":2}},"categories":[5],"tags":[],"class_list":["post-5122","post","type-post","status-publish","format-standard","has-post-thumbnail","hentry","category-de-la-tribuna"],"author_meta":{"display_name":"Portal","author_link":"https:\/\/portaldeyoung.uy\/index.php\/author\/admin_port\/"},"featured_img":"https:\/\/portaldeyoung.uy\/wp-content\/uploads\/2025\/08\/Sub14-Young-vs-Salto-027-300x200.jpg","jetpack_publicize_connections":[],"coauthors":[],"tax_additional":{"categories":{"linked":["<a href=\"https:\/\/portaldeyoung.uy\/index.php\/category\/de-la-tribuna\/\" class=\"advgb-post-tax-term\">De la tribuna<\/a>"],"unlinked":["<span class=\"advgb-post-tax-term\">De la tribuna<\/span>"]}},"comment_count":"0","relative_dates":{"created":"Publicado 6 meses hace","modified":"Actualizado 6 meses hace"},"absolute_dates":{"created":"Publicado el noviembre 3, 2025","modified":"Actualizado el noviembre 3, 2025"},"absolute_dates_time":{"created":"Publicado el noviembre 3, 2025 10:18 am","modified":"Actualizado el noviembre 3, 2025 10:19 am"},"featured_img_caption":"","series_order":"","_links":{"self":[{"href":"https:\/\/portaldeyoung.uy\/index.php\/wp-json\/wp\/v2\/posts\/5122","targetHints":{"allow":["GET"]}}],"collection":[{"href":"https:\/\/portaldeyoung.uy\/index.php\/wp-json\/wp\/v2\/posts"}],"about":[{"href":"https:\/\/portaldeyoung.uy\/index.php\/wp-json\/wp\/v2\/types\/post"}],"author":[{"embeddable":true,"href":"https:\/\/portaldeyoung.uy\/index.php\/wp-json\/wp\/v2\/users\/1"}],"replies":[{"embeddable":true,"href":"https:\/\/portaldeyoung.uy\/index.php\/wp-json\/wp\/v2\/comments?post=5122"}],"version-history":[{"count":1,"href":"https:\/\/portaldeyoung.uy\/index.php\/wp-json\/wp\/v2\/posts\/5122\/revisions"}],"predecessor-version":[{"id":5126,"href":"https:\/\/portaldeyoung.uy\/index.php\/wp-json\/wp\/v2\/posts\/5122\/revisions\/5126"}],"wp:featuredmedia":[{"embeddable":true,"href":"https:\/\/portaldeyoung.uy\/index.php\/wp-json\/wp\/v2\/media\/2081"}],"wp:attachment":[{"href":"https:\/\/portaldeyoung.uy\/index.php\/wp-json\/wp\/v2\/media?parent=5122"}],"wp:term":[{"taxonomy":"category","embeddable":true,"href":"https:\/\/portaldeyoung.uy\/index.php\/wp-json\/wp\/v2\/categories?post=5122"},{"taxonomy":"post_tag","embeddable":true,"href":"https:\/\/portaldeyoung.uy\/index.php\/wp-json\/wp\/v2\/tags?post=5122"}],"curies":[{"name":"wp","href":"https:\/\/api.w.org\/{rel}","templated":true}]}}