{"id":4964,"date":"2025-10-29T09:47:47","date_gmt":"2025-10-29T09:47:47","guid":{"rendered":"https:\/\/portaldeyoung.uy\/?p=4964"},"modified":"2025-10-29T09:49:00","modified_gmt":"2025-10-29T09:49:00","slug":"danos-en-el-sistema-de-iluminacion-del-parque-roosevelt-de-fray-bentos","status":"publish","type":"post","link":"https:\/\/portaldeyoung.uy\/index.php\/2025\/10\/29\/danos-en-el-sistema-de-iluminacion-del-parque-roosevelt-de-fray-bentos\/","title":{"rendered":"Da\u00f1os en el sistema de iluminaci\u00f3n del Parque Roosevelt de Fray Bentos"},"content":{"rendered":"\n<p>La Intendencia de R\u00edo Negro informa que durante el fin de semana se registraron da\u00f1os en el sistema de iluminaci\u00f3n del Parque Roosevelt, donde se destruyeron 10 bolardos, sum\u00e1ndose a 14 que hab\u00edan sido vandalizados anteriormente.<\/p>\n\n\n\n<p>El director de Planificaci\u00f3n, Arq. Carlos Sobrino, lament\u00f3 lo ocurrido y se\u00f1al\u00f3 que \u201cestas acciones afectan un espacio de encuentro que pertenece a toda la comunidad\u201d. El Gobierno Departamental ya trabaja en la reparaci\u00f3n de los elementos da\u00f1ados y en medidas para reforzar la seguridad del \u00e1rea, sustituyendo las bases met\u00e1licas por estructuras de hormig\u00f3n m\u00e1s resistentes.<\/p>\n\n\n\n<p>Asimismo, se invita a la ciudadan\u00eda a colaborar en el cuidado y preservaci\u00f3n de los espacios p\u00fablicos, como una forma de proteger el patrimonio com\u00fan y fortalecer la convivencia comunitaria.<\/p>\n\n\n\n<p><em>*IRN<\/em><\/p>\n","protected":false},"excerpt":{"rendered":"<p>La Intendencia de R\u00edo Negro informa que durante el fin de semana se registraron da\u00f1os en el sistema de iluminaci\u00f3n del Parque Roosevelt, donde se<\/p>\n","protected":false},"author":1,"featured_media":4965,"comment_status":"closed","ping_status":"open","sticky":false,"template":"","format":"standard","meta":{"advgb_blocks_editor_width":"","advgb_blocks_columns_visual_guide":"","footnotes":"","jetpack_publicize_message":"La Intendencia de R\u00edo Negro informa que durante el fin de semana se registraron da\u00f1os en el sistema de iluminaci\u00f3n del Parque Roosevelt, donde se destruyeron 10 bolardos, sum\u00e1ndose a 14 que hab\u00edan sido vandalizados ...","jetpack_publicize_feature_enabled":false,"jetpack_social_post_already_shared":false,"jetpack_social_options":{"image_generator_settings":{"template":"highway","default_image_id":0,"font":"","enabled":false},"version":2}},"categories":[6],"tags":[],"class_list":["post-4964","post","type-post","status-publish","format-standard","has-post-thumbnail","hentry","category-del-departamento"],"author_meta":{"display_name":"Portal","author_link":"https:\/\/portaldeyoung.uy\/index.php\/author\/admin_port\/"},"featured_img":"https:\/\/portaldeyoung.uy\/wp-content\/uploads\/2025\/10\/danos-parque-fray-bentos-300x169.jpg","jetpack_publicize_connections":[],"coauthors":[],"tax_additional":{"categories":{"linked":["<a href=\"https:\/\/portaldeyoung.uy\/index.php\/category\/del-departamento\/\" class=\"advgb-post-tax-term\">Del departamento<\/a>"],"unlinked":["<span class=\"advgb-post-tax-term\">Del departamento<\/span>"]}},"comment_count":"0","relative_dates":{"created":"Publicado 6 meses hace","modified":"Actualizado 6 meses hace"},"absolute_dates":{"created":"Publicado el octubre 29, 2025","modified":"Actualizado el octubre 29, 2025"},"absolute_dates_time":{"created":"Publicado el octubre 29, 2025 9:47 am","modified":"Actualizado el octubre 29, 2025 9:49 am"},"featured_img_caption":"","series_order":"","_links":{"self":[{"href":"https:\/\/portaldeyoung.uy\/index.php\/wp-json\/wp\/v2\/posts\/4964","targetHints":{"allow":["GET"]}}],"collection":[{"href":"https:\/\/portaldeyoung.uy\/index.php\/wp-json\/wp\/v2\/posts"}],"about":[{"href":"https:\/\/portaldeyoung.uy\/index.php\/wp-json\/wp\/v2\/types\/post"}],"author":[{"embeddable":true,"href":"https:\/\/portaldeyoung.uy\/index.php\/wp-json\/wp\/v2\/users\/1"}],"replies":[{"embeddable":true,"href":"https:\/\/portaldeyoung.uy\/index.php\/wp-json\/wp\/v2\/comments?post=4964"}],"version-history":[{"count":1,"href":"https:\/\/portaldeyoung.uy\/index.php\/wp-json\/wp\/v2\/posts\/4964\/revisions"}],"predecessor-version":[{"id":4966,"href":"https:\/\/portaldeyoung.uy\/index.php\/wp-json\/wp\/v2\/posts\/4964\/revisions\/4966"}],"wp:featuredmedia":[{"embeddable":true,"href":"https:\/\/portaldeyoung.uy\/index.php\/wp-json\/wp\/v2\/media\/4965"}],"wp:attachment":[{"href":"https:\/\/portaldeyoung.uy\/index.php\/wp-json\/wp\/v2\/media?parent=4964"}],"wp:term":[{"taxonomy":"category","embeddable":true,"href":"https:\/\/portaldeyoung.uy\/index.php\/wp-json\/wp\/v2\/categories?post=4964"},{"taxonomy":"post_tag","embeddable":true,"href":"https:\/\/portaldeyoung.uy\/index.php\/wp-json\/wp\/v2\/tags?post=4964"}],"curies":[{"name":"wp","href":"https:\/\/api.w.org\/{rel}","templated":true}]}}