{"id":4828,"date":"2025-10-23T10:36:30","date_gmt":"2025-10-23T10:36:30","guid":{"rendered":"https:\/\/portaldeyoung.uy\/?p=4828"},"modified":"2025-10-23T10:38:49","modified_gmt":"2025-10-23T10:38:49","slug":"jovencitas-de-la-escuela-tecnica-de-young-representaran-a-uruguay-en-torneo-sudamericano-de-futbol-sala-en-paraguay","status":"publish","type":"post","link":"https:\/\/portaldeyoung.uy\/index.php\/2025\/10\/23\/jovencitas-de-la-escuela-tecnica-de-young-representaran-a-uruguay-en-torneo-sudamericano-de-futbol-sala-en-paraguay\/","title":{"rendered":"Jovencitas de la Escuela T\u00e9cnica de Young representar\u00e1n a Uruguay en torneo sudamericano de F\u00fatbol Sala en Paraguay"},"content":{"rendered":"\n<p>En el mes de diciembre, un grupo de estudiantes de la <strong>Escuela T\u00e9cnica de Young<\/strong> viajar\u00e1 a Paraguay para participar del <strong>Torneo Sudamericano de F\u00fatbol Sala Escolar<\/strong>, donde representar\u00e1n a <strong>Uruguay<\/strong> en el marco de los <strong>Juegos Estudiantiles Sudamericanos 2025<\/strong>.<\/p>\n\n\n\n<p>Para conocer m\u00e1s detalles sobre esta destacada participaci\u00f3n, dialogamos con el <strong>Profesor C\u00e9sar Rodr\u00edguez<\/strong>, quien explic\u00f3 el proceso que llev\u00f3 a las j\u00f3venes a lograr la clasificaci\u00f3n:<\/p>\n\n\n\n<blockquote class=\"wp-block-quote is-layout-flow wp-block-quote-is-layout-flow\">\n<p>\u201cLas chicas se clasificaron para el Sudamericano que se va a desarrollar en Paraguay entre el 30 de noviembre y el 7 de diciembre. Fue un proceso largo, con varias instancias clasificatorias a nivel local, departamental, regional y nacional. Finalmente, lograron el objetivo de representar a Uruguay\u201d, coment\u00f3 el docente.<\/p>\n<\/blockquote>\n\n\n\n<p>Seg\u00fan explic\u00f3 Rodr\u00edguez, las j\u00f3venes participaron en una serie de encuentros eliminatorios que comenzaron en la zona local y continuaron con instancias en el departamento de R\u00edo Negro. Posteriormente, compitieron en la etapa regional frente a equipos de <strong>Soriano y Colonia<\/strong>, enfrentando en la final al representativo coloniense \u2014\u00faltimo campe\u00f3n que hab\u00eda representado a Uruguay en el Sudamericano de 2024, realizado en Colombia\u2014.<\/p>\n\n\n\n<blockquote class=\"wp-block-quote is-layout-flow wp-block-quote-is-layout-flow\">\n<p>\u201cGracias al trabajo y esfuerzo de las chicas, pudimos alcanzar la clasificaci\u00f3n nacional, lo que nos permiti\u00f3 asegurar el lugar en este importante torneo\u201d, agreg\u00f3 el profesor.<\/p>\n<\/blockquote>\n\n\n\n<p>El equipo est\u00e1 conformado por <strong>ocho jugadoras de Young<\/strong>, a las que se sumar\u00e1n dos refuerzos provenientes de <strong>Colonia y Treinta y Tres<\/strong> para completar el plantel. La delegaci\u00f3n estar\u00e1 a cargo de los docentes <strong>Laura Caraballo<\/strong> y <strong>C\u00e9sar Rodr\u00edguez<\/strong>.<\/p>\n\n\n\n<p>Las futbolistas, de entre <strong>13 y 14 a\u00f1os<\/strong> (categor\u00edas 2011 y 2012), entrenan de forma constante y tambi\u00e9n participan en el f\u00fatbol local, lo que ha contribuido a su buena preparaci\u00f3n.<\/p>\n\n\n\n<blockquote class=\"wp-block-quote is-layout-flow wp-block-quote-is-layout-flow\">\n<p>\u201cSon chicas muy comprometidas, con experiencia en torneos locales, y confiamos en que har\u00e1n un gran papel representando a Uruguay\u201d, se\u00f1al\u00f3 el entrenador.<\/p>\n<\/blockquote>\n\n\n\n<p>El campeonato se desarrollar\u00e1 en una <strong>asociaci\u00f3n deportiva de Paraguay<\/strong>, y contar\u00e1 con la participaci\u00f3n de delegaciones de todos los pa\u00edses sudamericanos. Los partidos se jugar\u00e1n en dos tiempos de veinte minutos, con equipos de cinco jugadoras en cancha.<\/p>\n\n\n\n<p>Las representantes uruguayas partir\u00e1n el <strong>domingo 30 de noviembre<\/strong> en un vuelo ch\u00e1rter junto a las dem\u00e1s delegaciones nacionales de distintas disciplinas deportivas. El regreso est\u00e1 previsto para el <strong>domingo 7 de diciembre<\/strong>.<\/p>\n\n\n\n<blockquote class=\"wp-block-quote is-layout-flow wp-block-quote-is-layout-flow\">\n<p>\u201cEn nuestro caso, el viaje y el equipamiento est\u00e1n completamente cubiertos por la Secretar\u00eda Nacional del Deporte. Quienes est\u00e1n realizando beneficios son algunas madres que acompa\u00f1ar\u00e1n por su cuenta\u201d, explic\u00f3 Rodr\u00edguez.<\/p>\n<\/blockquote>\n\n\n\n<p>Finalmente, el docente destac\u00f3 el apoyo institucional recibido:<\/p>\n\n\n\n<blockquote class=\"wp-block-quote is-layout-flow wp-block-quote-is-layout-flow\">\n<p>\u201cQueremos agradecer a la direcci\u00f3n de la Escuela T\u00e9cnica, especialmente a <strong>Mar\u00eda Eugenia Ma<\/strong>l<strong>acre<\/strong> y al profesor <strong>Gabriel<\/strong>, que ha estado acompa\u00f1ando a las chicas en los entrenamientos. Esperamos que puedan disfrutar esta experiencia y seguir creciendo a nivel deportivo y personal\u201d.<\/p>\n<\/blockquote>\n\n\n\n<figure class=\"wp-block-image size-full\"><img loading=\"lazy\" decoding=\"async\" width=\"798\" height=\"529\" src=\"https:\/\/portaldeyoung.uy\/wp-content\/uploads\/2025\/10\/futbol-sala-UTU-2.png\" alt=\"\" class=\"wp-image-4829\" srcset=\"https:\/\/portaldeyoung.uy\/wp-content\/uploads\/2025\/10\/futbol-sala-UTU-2.png 798w, https:\/\/portaldeyoung.uy\/wp-content\/uploads\/2025\/10\/futbol-sala-UTU-2-300x199.png 300w, https:\/\/portaldeyoung.uy\/wp-content\/uploads\/2025\/10\/futbol-sala-UTU-2-768x509.png 768w\" sizes=\"auto, (max-width: 798px) 100vw, 798px\" \/><\/figure>\n\n\n\n<p>Entrevista <strong>AUDIO<\/strong>:<\/p>\n\n\n\n<figure class=\"wp-block-audio\"><audio controls src=\"https:\/\/portaldeyoung.uy\/wp-content\/uploads\/2025\/10\/Cesar-Rodriguez-00.mp3\"><\/audio><\/figure>\n\n\n\n<p><\/p>\n","protected":false},"excerpt":{"rendered":"<p>En el mes de diciembre, un grupo de estudiantes de la Escuela T\u00e9cnica de Young viajar\u00e1 a Paraguay para participar del Torneo Sudamericano de F\u00fatbol<\/p>\n","protected":false},"author":1,"featured_media":4830,"comment_status":"closed","ping_status":"open","sticky":false,"template":"","format":"standard","meta":{"advgb_blocks_editor_width":"","advgb_blocks_columns_visual_guide":"","footnotes":"","jetpack_publicize_message":"En el mes de diciembre, un grupo de estudiantes de la Escuela T\u00e9cnica de Young viajar\u00e1 a Paraguay para participar del Torneo Sudamericano de F\u00fatbol Sala Escolar, donde representar\u00e1n a Uruguay en el ...","jetpack_publicize_feature_enabled":false,"jetpack_social_post_already_shared":false,"jetpack_social_options":{"image_generator_settings":{"template":"highway","default_image_id":0,"font":"","enabled":false},"version":2}},"categories":[5],"tags":[],"class_list":["post-4828","post","type-post","status-publish","format-standard","has-post-thumbnail","hentry","category-de-la-tribuna"],"author_meta":{"display_name":"Portal","author_link":"https:\/\/portaldeyoung.uy\/index.php\/author\/admin_port\/"},"featured_img":"https:\/\/portaldeyoung.uy\/wp-content\/uploads\/2025\/10\/futbol-sala-UTU-300x177.png","jetpack_publicize_connections":[],"coauthors":[],"tax_additional":{"categories":{"linked":["<a href=\"https:\/\/portaldeyoung.uy\/index.php\/category\/de-la-tribuna\/\" class=\"advgb-post-tax-term\">De la tribuna<\/a>"],"unlinked":["<span class=\"advgb-post-tax-term\">De la tribuna<\/span>"]}},"comment_count":"0","relative_dates":{"created":"Publicado 6 meses hace","modified":"Actualizado 6 meses hace"},"absolute_dates":{"created":"Publicado el octubre 23, 2025","modified":"Actualizado el octubre 23, 2025"},"absolute_dates_time":{"created":"Publicado el octubre 23, 2025 10:36 am","modified":"Actualizado el octubre 23, 2025 10:38 am"},"featured_img_caption":"","series_order":"","_links":{"self":[{"href":"https:\/\/portaldeyoung.uy\/index.php\/wp-json\/wp\/v2\/posts\/4828","targetHints":{"allow":["GET"]}}],"collection":[{"href":"https:\/\/portaldeyoung.uy\/index.php\/wp-json\/wp\/v2\/posts"}],"about":[{"href":"https:\/\/portaldeyoung.uy\/index.php\/wp-json\/wp\/v2\/types\/post"}],"author":[{"embeddable":true,"href":"https:\/\/portaldeyoung.uy\/index.php\/wp-json\/wp\/v2\/users\/1"}],"replies":[{"embeddable":true,"href":"https:\/\/portaldeyoung.uy\/index.php\/wp-json\/wp\/v2\/comments?post=4828"}],"version-history":[{"count":1,"href":"https:\/\/portaldeyoung.uy\/index.php\/wp-json\/wp\/v2\/posts\/4828\/revisions"}],"predecessor-version":[{"id":4832,"href":"https:\/\/portaldeyoung.uy\/index.php\/wp-json\/wp\/v2\/posts\/4828\/revisions\/4832"}],"wp:featuredmedia":[{"embeddable":true,"href":"https:\/\/portaldeyoung.uy\/index.php\/wp-json\/wp\/v2\/media\/4830"}],"wp:attachment":[{"href":"https:\/\/portaldeyoung.uy\/index.php\/wp-json\/wp\/v2\/media?parent=4828"}],"wp:term":[{"taxonomy":"category","embeddable":true,"href":"https:\/\/portaldeyoung.uy\/index.php\/wp-json\/wp\/v2\/categories?post=4828"},{"taxonomy":"post_tag","embeddable":true,"href":"https:\/\/portaldeyoung.uy\/index.php\/wp-json\/wp\/v2\/tags?post=4828"}],"curies":[{"name":"wp","href":"https:\/\/api.w.org\/{rel}","templated":true}]}}