{"id":4822,"date":"2025-10-23T09:56:29","date_gmt":"2025-10-23T09:56:29","guid":{"rendered":"https:\/\/portaldeyoung.uy\/?p=4822"},"modified":"2025-10-23T09:56:32","modified_gmt":"2025-10-23T09:56:32","slug":"utec-fray-bentos-realiza-feria-multicultural-con-un-viaje-por-el-mundo","status":"publish","type":"post","link":"https:\/\/portaldeyoung.uy\/index.php\/2025\/10\/23\/utec-fray-bentos-realiza-feria-multicultural-con-un-viaje-por-el-mundo\/","title":{"rendered":"UTEC Fray Bentos realiza feria multicultural con \u00abun viaje por el mundo\u00bb"},"content":{"rendered":"\n<p>La Universidad Tecnol\u00f3gica (UTEC) realizar\u00e1 este viernes su Cuarta Feria Multicultural, un evento que invita a la comunidad a disfrutar de una tarde llena de sabores, m\u00fasica y tradiciones del mundo, promoviendo la integraci\u00f3n y el intercambio cultural entre estudiantes, docentes y el p\u00fablico en general.<\/p>\n\n\n\n<p>La actividad se desarrollar\u00e1 de 16:00 a 19:00 horas en el Galp\u00f3n 54, junto a la sede de UTEC, en un espacio techado que garantiza su realizaci\u00f3n sin importar las condiciones del clima. La feria es abierta y gratuita, y busca que los asistentes conozcan las diversas culturas que conviven dentro de la instituci\u00f3n.<\/p>\n\n\n\n<p>Participar\u00e1n estudiantes y docentes de cerca de diez pa\u00edses, entre ellos Colombia, Cuba, Argentina, Uruguay, Venezuela, M\u00e9xico, Jamaica, Francia y Estados Unidos, quienes compartir\u00e1n tradiciones, gastronom\u00eda y costumbres propias de sus lugares de origen.<\/p>\n\n\n\n<p>Entre las principales propuestas se destacan los stands multiculturales, donde se podr\u00e1n degustar platos t\u00edpicos, y la cocina comunitaria en vivo, a cargo de la carrera de UTEC Paysand\u00fa. Tambi\u00e9n habr\u00e1 un espacio de realidad virtual, que permitir\u00e1 a los visitantes \u201cviajar por el mundo\u201d con lentes inmersivos y pantallas interactivas.<\/p>\n\n\n\n<p>Una de las actividades m\u00e1s atractivas ser\u00e1 el \u201cPasaporte Cultural\u201d, que cada visitante recibir\u00e1 al ingresar y podr\u00e1 sellar en los distintos puestos y experiencias.<\/p>\n\n\n\n<p>El cierre de la jornada estar\u00e1 a cargo de tres presentaciones art\u00edsticas que reflejan la diversidad cultural: un espect\u00e1culo de candombe, un grupo de danzas folcl\u00f3ricas de Nuevo Berl\u00edn, y el conjunto de jazz \u201cDiluvio\u201d, integrado por estudiantes de la Licenciatura en Jazz y M\u00fasica Creativa de UTEC.<\/p>\n\n\n\n<p><em>*R\u00edo Negro Ahora<\/em><\/p>\n","protected":false},"excerpt":{"rendered":"<p>La Universidad Tecnol\u00f3gica (UTEC) realizar\u00e1 este viernes su Cuarta Feria Multicultural, un evento que invita a la comunidad a disfrutar de una tarde llena de<\/p>\n","protected":false},"author":1,"featured_media":4823,"comment_status":"closed","ping_status":"open","sticky":false,"template":"","format":"standard","meta":{"advgb_blocks_editor_width":"","advgb_blocks_columns_visual_guide":"","footnotes":"","jetpack_publicize_message":"","jetpack_publicize_feature_enabled":true,"jetpack_social_post_already_shared":true,"jetpack_social_options":{"image_generator_settings":{"template":"highway","default_image_id":0,"font":"","enabled":false},"version":2}},"categories":[6],"tags":[],"class_list":["post-4822","post","type-post","status-publish","format-standard","has-post-thumbnail","hentry","category-del-departamento"],"author_meta":{"display_name":"Portal","author_link":"https:\/\/portaldeyoung.uy\/index.php\/author\/admin_port\/"},"featured_img":"https:\/\/portaldeyoung.uy\/wp-content\/uploads\/2025\/10\/UTEC-Feria-300x298.png","jetpack_publicize_connections":[],"coauthors":[],"tax_additional":{"categories":{"linked":["<a href=\"https:\/\/portaldeyoung.uy\/index.php\/category\/del-departamento\/\" class=\"advgb-post-tax-term\">Del departamento<\/a>"],"unlinked":["<span class=\"advgb-post-tax-term\">Del departamento<\/span>"]}},"comment_count":"0","relative_dates":{"created":"Publicado 6 meses hace","modified":"Actualizado 6 meses hace"},"absolute_dates":{"created":"Publicado el octubre 23, 2025","modified":"Actualizado el octubre 23, 2025"},"absolute_dates_time":{"created":"Publicado el octubre 23, 2025 9:56 am","modified":"Actualizado el octubre 23, 2025 9:56 am"},"featured_img_caption":"","series_order":"","_links":{"self":[{"href":"https:\/\/portaldeyoung.uy\/index.php\/wp-json\/wp\/v2\/posts\/4822","targetHints":{"allow":["GET"]}}],"collection":[{"href":"https:\/\/portaldeyoung.uy\/index.php\/wp-json\/wp\/v2\/posts"}],"about":[{"href":"https:\/\/portaldeyoung.uy\/index.php\/wp-json\/wp\/v2\/types\/post"}],"author":[{"embeddable":true,"href":"https:\/\/portaldeyoung.uy\/index.php\/wp-json\/wp\/v2\/users\/1"}],"replies":[{"embeddable":true,"href":"https:\/\/portaldeyoung.uy\/index.php\/wp-json\/wp\/v2\/comments?post=4822"}],"version-history":[{"count":1,"href":"https:\/\/portaldeyoung.uy\/index.php\/wp-json\/wp\/v2\/posts\/4822\/revisions"}],"predecessor-version":[{"id":4824,"href":"https:\/\/portaldeyoung.uy\/index.php\/wp-json\/wp\/v2\/posts\/4822\/revisions\/4824"}],"wp:featuredmedia":[{"embeddable":true,"href":"https:\/\/portaldeyoung.uy\/index.php\/wp-json\/wp\/v2\/media\/4823"}],"wp:attachment":[{"href":"https:\/\/portaldeyoung.uy\/index.php\/wp-json\/wp\/v2\/media?parent=4822"}],"wp:term":[{"taxonomy":"category","embeddable":true,"href":"https:\/\/portaldeyoung.uy\/index.php\/wp-json\/wp\/v2\/categories?post=4822"},{"taxonomy":"post_tag","embeddable":true,"href":"https:\/\/portaldeyoung.uy\/index.php\/wp-json\/wp\/v2\/tags?post=4822"}],"curies":[{"name":"wp","href":"https:\/\/api.w.org\/{rel}","templated":true}]}}