{"id":4812,"date":"2025-10-23T09:41:58","date_gmt":"2025-10-23T09:41:58","guid":{"rendered":"https:\/\/portaldeyoung.uy\/?p=4812"},"modified":"2025-10-23T09:42:59","modified_gmt":"2025-10-23T09:42:59","slug":"comienza-a-funcionar-en-diciembre-elida-la-app-que-permite-alertar-situaciones-de-violencia-de-genero","status":"publish","type":"post","link":"https:\/\/portaldeyoung.uy\/index.php\/2025\/10\/23\/comienza-a-funcionar-en-diciembre-elida-la-app-que-permite-alertar-situaciones-de-violencia-de-genero\/","title":{"rendered":"Comienza a funcionar en diciembre \u00c9lida, la app que permite alertar situaciones de violencia de g\u00e9nero"},"content":{"rendered":"\n<p>La directora nacional de Pol\u00edticas de G\u00e9nero del Ministerio del Interior, July Zabaleta, indic\u00f3 que en una primera instancia ser\u00e1n 2.000 los celulares que contar\u00e1n con la aplicaci\u00f3n; la herramienta cuenta con un bot\u00f3n de p\u00e1nico.<\/p>\n\n\n\n<p>El <strong>Ministerio del Interior<\/strong> anunci\u00f3 que a partir del mes de diciembre comienza a funcionar la <strong>app \u00c9lida<\/strong> que permite alertar sobre situaciones de <strong>violencia de g\u00e9nero<\/strong>.<\/p>\n\n\n\n<p>Dicha herramienta llevar\u00e1 el nombre de la primera mujer polic\u00eda uniformada del Uruguay, \u00c9lida Pensado Gra\u00f1a. En una primera instancia, ser\u00e1n 2.000 los celulares que contar\u00e1n con dicha aplicaci\u00f3n, en convenio con Antel.<\/p>\n\n\n\n<p>La directora nacional de Pol\u00edticas de G\u00e9nero del Ministerio del Interior, July Zabaleta, explic\u00f3 que la herramienta est\u00e1 dirigida a v\u00edctima de violencia de g\u00e9nero que cuenten con medidas de no acercamiento.<\/p>\n\n\n\n<p>\u00abNo es una herramienta para superponer con tobilleras si no una alternativa a las tobilleras porque es para otro p\u00fablico (&#8230;) la vamos a estar lanzando en nuestro acto central en el marco del 25 de noviembre en la sala Mario Benedetti de la Torre de las Comunicaciones, el 21 de noviembre a partir de las 15.00 horas\u00bb.<\/p>\n\n\n\n<p>Zabaleta indic\u00f3 que la herramienta cuenta con un bot\u00f3n de p\u00e1nico y que la Polic\u00eda va a tener registrados los datos para poder enviar una respuesta ante una emergencia.<\/p>\n\n\n\n<p>\u00abSabemos que eso no es lo \u00fanico que necesita una v\u00edctima el d\u00eda despu\u00e9s de la denuncia, entonces tambi\u00e9n queremos que por ejemplo se pueda ampliar la denuncia desde ese dispositivo sin tener que trasladarse a la comisar\u00eda\u00bb.<\/p>\n\n\n\n<p>Y agreg\u00f3: \u00abVamos a empezar con un proyecto piloto en Montevideo, testear la respuesta tambi\u00e9n para poder irlo llevando a otros lugares del pa\u00eds\u00bb.<\/p>\n\n\n\n<p><em>*Subrayado<\/em><\/p>\n","protected":false},"excerpt":{"rendered":"<p>La directora nacional de Pol\u00edticas de G\u00e9nero del Ministerio del Interior, July Zabaleta, indic\u00f3 que en una primera instancia ser\u00e1n 2.000 los celulares que contar\u00e1n<\/p>\n","protected":false},"author":1,"featured_media":4813,"comment_status":"closed","ping_status":"open","sticky":false,"template":"","format":"standard","meta":{"advgb_blocks_editor_width":"","advgb_blocks_columns_visual_guide":"","footnotes":"","jetpack_publicize_message":"La directora nacional de Pol\u00edticas de G\u00e9nero del Ministerio del Interior, July Zabaleta, indic\u00f3 que en una primera instancia ser\u00e1n 2.000 los celulares que contar\u00e1n con la aplicaci\u00f3n; la herramienta cuenta con un bot\u00f3n de p\u00e1nico...","jetpack_publicize_feature_enabled":false,"jetpack_social_post_already_shared":false,"jetpack_social_options":{"image_generator_settings":{"template":"highway","default_image_id":0,"font":"","enabled":false},"version":2}},"categories":[7],"tags":[],"class_list":["post-4812","post","type-post","status-publish","format-standard","has-post-thumbnail","hentry","category-del-pais"],"author_meta":{"display_name":"Portal","author_link":"https:\/\/portaldeyoung.uy\/index.php\/author\/admin_port\/"},"featured_img":"https:\/\/portaldeyoung.uy\/wp-content\/uploads\/2025\/10\/violencia-genero.jpg","jetpack_publicize_connections":[],"coauthors":[],"tax_additional":{"categories":{"linked":["<a href=\"https:\/\/portaldeyoung.uy\/index.php\/category\/del-pais\/\" class=\"advgb-post-tax-term\">Del pa\u00eds<\/a>"],"unlinked":["<span class=\"advgb-post-tax-term\">Del pa\u00eds<\/span>"]}},"comment_count":"0","relative_dates":{"created":"Publicado 6 meses hace","modified":"Actualizado 6 meses hace"},"absolute_dates":{"created":"Publicado el octubre 23, 2025","modified":"Actualizado el octubre 23, 2025"},"absolute_dates_time":{"created":"Publicado el octubre 23, 2025 9:41 am","modified":"Actualizado el octubre 23, 2025 9:42 am"},"featured_img_caption":"","series_order":"","_links":{"self":[{"href":"https:\/\/portaldeyoung.uy\/index.php\/wp-json\/wp\/v2\/posts\/4812","targetHints":{"allow":["GET"]}}],"collection":[{"href":"https:\/\/portaldeyoung.uy\/index.php\/wp-json\/wp\/v2\/posts"}],"about":[{"href":"https:\/\/portaldeyoung.uy\/index.php\/wp-json\/wp\/v2\/types\/post"}],"author":[{"embeddable":true,"href":"https:\/\/portaldeyoung.uy\/index.php\/wp-json\/wp\/v2\/users\/1"}],"replies":[{"embeddable":true,"href":"https:\/\/portaldeyoung.uy\/index.php\/wp-json\/wp\/v2\/comments?post=4812"}],"version-history":[{"count":1,"href":"https:\/\/portaldeyoung.uy\/index.php\/wp-json\/wp\/v2\/posts\/4812\/revisions"}],"predecessor-version":[{"id":4814,"href":"https:\/\/portaldeyoung.uy\/index.php\/wp-json\/wp\/v2\/posts\/4812\/revisions\/4814"}],"wp:featuredmedia":[{"embeddable":true,"href":"https:\/\/portaldeyoung.uy\/index.php\/wp-json\/wp\/v2\/media\/4813"}],"wp:attachment":[{"href":"https:\/\/portaldeyoung.uy\/index.php\/wp-json\/wp\/v2\/media?parent=4812"}],"wp:term":[{"taxonomy":"category","embeddable":true,"href":"https:\/\/portaldeyoung.uy\/index.php\/wp-json\/wp\/v2\/categories?post=4812"},{"taxonomy":"post_tag","embeddable":true,"href":"https:\/\/portaldeyoung.uy\/index.php\/wp-json\/wp\/v2\/tags?post=4812"}],"curies":[{"name":"wp","href":"https:\/\/api.w.org\/{rel}","templated":true}]}}