{"id":4777,"date":"2025-10-22T10:09:35","date_gmt":"2025-10-22T10:09:35","guid":{"rendered":"https:\/\/portaldeyoung.uy\/?p=4777"},"modified":"2025-10-22T10:10:08","modified_gmt":"2025-10-22T10:10:08","slug":"fray-bentos-se-prepara-para-vivir-la-corrida-inju-5k","status":"publish","type":"post","link":"https:\/\/portaldeyoung.uy\/index.php\/2025\/10\/22\/fray-bentos-se-prepara-para-vivir-la-corrida-inju-5k\/","title":{"rendered":"Fray Bentos se prepara para vivir la corrida INJU 5K"},"content":{"rendered":"\n<p>El s\u00e1bado 8 de noviembre, Fray Bentos ser\u00e1 sede de una nueva edici\u00f3n de la <strong>5K del INJU<\/strong>, una propuesta que invita a j\u00f3venes de todo el departamento a participar en una jornada de encuentro, recreaci\u00f3n y h\u00e1bitos saludables.<\/p>\n\n\n\n<p>Bajo el lema <strong>\u201cCon oportunidades las juventudes pisamos fuerte\u201d<\/strong>, la actividad busca promover la integraci\u00f3n y la participaci\u00f3n juvenil en un ambiente de diversi\u00f3n y deporte.<\/p>\n\n\n\n<p>La <strong>largada ser\u00e1 a las 18:30 horas<\/strong> en la <strong>Rambla, frente al Teatro de Verano<\/strong>, mientras que la <strong>entrega de remeras<\/strong> comenzar\u00e1 a las <strong>17:30 horas<\/strong>.<\/p>\n\n\n\n<p>Las <strong>inscripciones ya est\u00e1n abiertas<\/strong> en el sitio web <a href=\"https:\/\/inju.gub.uy\">inju.gub.uy<\/a><\/p>\n\n\n\n<p>El evento cuenta con el <strong>apoyo de la Intendencia de R\u00edo Negro<\/strong>, a trav\u00e9s de la <strong>Direcci\u00f3n de Juventud<\/strong>.<\/p>\n","protected":false},"excerpt":{"rendered":"<p>El s\u00e1bado 8 de noviembre, Fray Bentos ser\u00e1 sede de una nueva edici\u00f3n de la 5K del INJU, una propuesta que invita a j\u00f3venes de<\/p>\n","protected":false},"author":1,"featured_media":4778,"comment_status":"open","ping_status":"open","sticky":false,"template":"","format":"standard","meta":{"advgb_blocks_editor_width":"","advgb_blocks_columns_visual_guide":"","footnotes":"","jetpack_publicize_message":"El s\u00e1bado 8 de noviembre, Fray Bentos ser\u00e1 sede de una nueva edici\u00f3n de la 5K del INJU, una propuesta que invita a j\u00f3venes de todo el ...","jetpack_publicize_feature_enabled":false,"jetpack_social_post_already_shared":false,"jetpack_social_options":{"image_generator_settings":{"template":"highway","default_image_id":0,"font":"","enabled":false},"version":2}},"categories":[5],"tags":[],"class_list":["post-4777","post","type-post","status-publish","format-standard","has-post-thumbnail","hentry","category-de-la-tribuna"],"author_meta":{"display_name":"Portal","author_link":"https:\/\/portaldeyoung.uy\/index.php\/author\/admin_port\/"},"featured_img":"https:\/\/portaldeyoung.uy\/wp-content\/uploads\/2025\/10\/5k-Inju-300x169.jpg","jetpack_publicize_connections":[],"coauthors":[],"tax_additional":{"categories":{"linked":["<a href=\"https:\/\/portaldeyoung.uy\/index.php\/category\/de-la-tribuna\/\" class=\"advgb-post-tax-term\">De la tribuna<\/a>"],"unlinked":["<span class=\"advgb-post-tax-term\">De la tribuna<\/span>"]}},"comment_count":"0","relative_dates":{"created":"Publicado 6 meses hace","modified":"Actualizado 6 meses hace"},"absolute_dates":{"created":"Publicado el octubre 22, 2025","modified":"Actualizado el octubre 22, 2025"},"absolute_dates_time":{"created":"Publicado el octubre 22, 2025 10:09 am","modified":"Actualizado el octubre 22, 2025 10:10 am"},"featured_img_caption":"","series_order":"","_links":{"self":[{"href":"https:\/\/portaldeyoung.uy\/index.php\/wp-json\/wp\/v2\/posts\/4777","targetHints":{"allow":["GET"]}}],"collection":[{"href":"https:\/\/portaldeyoung.uy\/index.php\/wp-json\/wp\/v2\/posts"}],"about":[{"href":"https:\/\/portaldeyoung.uy\/index.php\/wp-json\/wp\/v2\/types\/post"}],"author":[{"embeddable":true,"href":"https:\/\/portaldeyoung.uy\/index.php\/wp-json\/wp\/v2\/users\/1"}],"replies":[{"embeddable":true,"href":"https:\/\/portaldeyoung.uy\/index.php\/wp-json\/wp\/v2\/comments?post=4777"}],"version-history":[{"count":1,"href":"https:\/\/portaldeyoung.uy\/index.php\/wp-json\/wp\/v2\/posts\/4777\/revisions"}],"predecessor-version":[{"id":4779,"href":"https:\/\/portaldeyoung.uy\/index.php\/wp-json\/wp\/v2\/posts\/4777\/revisions\/4779"}],"wp:featuredmedia":[{"embeddable":true,"href":"https:\/\/portaldeyoung.uy\/index.php\/wp-json\/wp\/v2\/media\/4778"}],"wp:attachment":[{"href":"https:\/\/portaldeyoung.uy\/index.php\/wp-json\/wp\/v2\/media?parent=4777"}],"wp:term":[{"taxonomy":"category","embeddable":true,"href":"https:\/\/portaldeyoung.uy\/index.php\/wp-json\/wp\/v2\/categories?post=4777"},{"taxonomy":"post_tag","embeddable":true,"href":"https:\/\/portaldeyoung.uy\/index.php\/wp-json\/wp\/v2\/tags?post=4777"}],"curies":[{"name":"wp","href":"https:\/\/api.w.org\/{rel}","templated":true}]}}