{"id":4588,"date":"2025-10-17T10:35:52","date_gmt":"2025-10-17T10:35:52","guid":{"rendered":"https:\/\/portaldeyoung.uy\/?p=4588"},"modified":"2025-10-19T11:01:07","modified_gmt":"2025-10-19T11:01:07","slug":"denuncia-por-amenazas-entre-adolescentes-en-young","status":"publish","type":"post","link":"https:\/\/portaldeyoung.uy\/index.php\/2025\/10\/17\/denuncia-por-amenazas-entre-adolescentes-en-young\/","title":{"rendered":"Denuncia por amenazas entre adolescentes en Young"},"content":{"rendered":"\n<p>Un adolescente de 14 a\u00f1os, acompa\u00f1ado por su madre, se present\u00f3 en la Seccional Sexta de Young para radicar una denuncia por amenazas contra otro menor.<\/p>\n\n\n\n<p>Seg\u00fan el relato, hace algunos d\u00edas el denunciado le habr\u00eda enviado mensajes con palabras intimidatorias a trav\u00e9s de una red social. Adem\u00e1s, en la jornada de ayer, cuando la v\u00edctima se encontraba en un espacio p\u00fablico junto a un grupo de amigos, el otro adolescente se le acerc\u00f3 con intenciones de agredirlo f\u00edsicamente, aunque no logr\u00f3 su prop\u00f3sito, ya que el denunciante decidi\u00f3 retirarse del lugar.<\/p>\n\n\n\n<p>Efectivos policiales realizaron el relevamiento fotogr\u00e1fico de los mensajes amenazantes y dieron cuenta de la situaci\u00f3n a la Fiscal\u00eda.<\/p>\n\n\n\n<p>Cumpliendo con las disposiciones fiscales, el menor denunciado se present\u00f3 posteriormente junto a un adulto mayor, quien reconoci\u00f3 haber sido el autor de los mensajes enviados. La sede de Fiscal\u00eda fue nuevamente enterada y contin\u00faa con las actuaciones correspondientes.<\/p>\n","protected":false},"excerpt":{"rendered":"<p>Un adolescente de 14 a\u00f1os, acompa\u00f1ado por su madre, se present\u00f3 en la Seccional Sexta de Young para radicar una denuncia por amenazas contra otro<\/p>\n","protected":false},"author":1,"featured_media":2836,"comment_status":"open","ping_status":"open","sticky":false,"template":"","format":"standard","meta":{"advgb_blocks_editor_width":"","advgb_blocks_columns_visual_guide":"","footnotes":"","jetpack_publicize_message":"Un adolescente de 14 a\u00f1os, acompa\u00f1ado por su madre, se present\u00f3 en la Seccional Sexta de Young para radicar una denuncia por amenazas contra otro menor...","jetpack_publicize_feature_enabled":false,"jetpack_social_post_already_shared":false,"jetpack_social_options":{"image_generator_settings":{"template":"highway","default_image_id":0,"font":"","enabled":false},"version":2}},"categories":[4],"tags":[],"class_list":["post-4588","post","type-post","status-publish","format-standard","has-post-thumbnail","hentry","category-de-aca"],"author_meta":{"display_name":"Portal","author_link":"https:\/\/portaldeyoung.uy\/index.php\/author\/admin_port\/"},"featured_img":"https:\/\/portaldeyoung.uy\/wp-content\/uploads\/2025\/08\/Seccional-Sexta-Young-300x150.png","jetpack_publicize_connections":[],"coauthors":[],"tax_additional":{"categories":{"linked":["<a href=\"https:\/\/portaldeyoung.uy\/index.php\/category\/de-aca\/\" class=\"advgb-post-tax-term\">De ac\u00e1<\/a>"],"unlinked":["<span class=\"advgb-post-tax-term\">De ac\u00e1<\/span>"]}},"comment_count":"0","relative_dates":{"created":"Publicado 7 meses hace","modified":"Actualizado 6 meses hace"},"absolute_dates":{"created":"Publicado el octubre 17, 2025","modified":"Actualizado el octubre 19, 2025"},"absolute_dates_time":{"created":"Publicado el octubre 17, 2025 10:35 am","modified":"Actualizado el octubre 19, 2025 11:01 am"},"featured_img_caption":"","series_order":"","_links":{"self":[{"href":"https:\/\/portaldeyoung.uy\/index.php\/wp-json\/wp\/v2\/posts\/4588","targetHints":{"allow":["GET"]}}],"collection":[{"href":"https:\/\/portaldeyoung.uy\/index.php\/wp-json\/wp\/v2\/posts"}],"about":[{"href":"https:\/\/portaldeyoung.uy\/index.php\/wp-json\/wp\/v2\/types\/post"}],"author":[{"embeddable":true,"href":"https:\/\/portaldeyoung.uy\/index.php\/wp-json\/wp\/v2\/users\/1"}],"replies":[{"embeddable":true,"href":"https:\/\/portaldeyoung.uy\/index.php\/wp-json\/wp\/v2\/comments?post=4588"}],"version-history":[{"count":1,"href":"https:\/\/portaldeyoung.uy\/index.php\/wp-json\/wp\/v2\/posts\/4588\/revisions"}],"predecessor-version":[{"id":4589,"href":"https:\/\/portaldeyoung.uy\/index.php\/wp-json\/wp\/v2\/posts\/4588\/revisions\/4589"}],"wp:featuredmedia":[{"embeddable":true,"href":"https:\/\/portaldeyoung.uy\/index.php\/wp-json\/wp\/v2\/media\/2836"}],"wp:attachment":[{"href":"https:\/\/portaldeyoung.uy\/index.php\/wp-json\/wp\/v2\/media?parent=4588"}],"wp:term":[{"taxonomy":"category","embeddable":true,"href":"https:\/\/portaldeyoung.uy\/index.php\/wp-json\/wp\/v2\/categories?post=4588"},{"taxonomy":"post_tag","embeddable":true,"href":"https:\/\/portaldeyoung.uy\/index.php\/wp-json\/wp\/v2\/tags?post=4588"}],"curies":[{"name":"wp","href":"https:\/\/api.w.org\/{rel}","templated":true}]}}