{"id":4574,"date":"2025-10-17T10:13:49","date_gmt":"2025-10-17T10:13:49","guid":{"rendered":"https:\/\/portaldeyoung.uy\/?p=4574"},"modified":"2025-10-17T10:14:24","modified_gmt":"2025-10-17T10:14:24","slug":"lustemberg-anuncio-la-creacion-de-centros-regionales-para-resolver-y-atender-temas-vinculados-al-consumo-problematico-de-sustancias","status":"publish","type":"post","link":"https:\/\/portaldeyoung.uy\/index.php\/2025\/10\/17\/lustemberg-anuncio-la-creacion-de-centros-regionales-para-resolver-y-atender-temas-vinculados-al-consumo-problematico-de-sustancias\/","title":{"rendered":"Lustemberg anunci\u00f3 la creaci\u00f3n de centros regionales \u201cpara resolver y atender temas vinculados al consumo problem\u00e1tico de sustancias\u201d"},"content":{"rendered":"\n<p>La ministra de Salud P\u00fablica se reuni\u00f3 con el Congreso de Intendentes para conversar sobre \u201cplanes departamentales de salud\u201d y analizar \u201ccu\u00e1les son las necesidades que tiene cada departamento\u201d para as\u00ed \u201cser m\u00e1s \u00e1gil en resolver\u201d.<\/p>\n\n\n\n<p>El Congreso de Intendentes recibi\u00f3 este jueves a la ministra de Salud P\u00fablica, Cristina Lustemberg, y al ministro de Ambiente, Edgardo Ortu\u00f1o, en una sesi\u00f3n plenaria que tuvo lugar en el marco de la Feria de la Construcci\u00f3n, en la Rural del Prado. Seg\u00fan consign\u00f3 el sitio web del Ministerio de Ambiente, su titular present\u00f3 una hoja de ruta en materia de residuos, \u00e1reas protegidas, mapa de riego y gesti\u00f3n de cuencas, y anunci\u00f3 una \u201cred de acci\u00f3n clim\u00e1tica local\u201d.<\/p>\n\n\n\n<p>Por su parte, Lustemberg, quien estuvo acompa\u00f1ada por el presidente de la Administraci\u00f3n de los Servicios de Salud del Estado (ASSE), \u00c1lvaro Danza, dijo en una rueda de prensa que fue una \u201cexcelente reuni\u00f3n\u201d, y se\u00f1al\u00f3 que para la cartera \u201ces una prioridad\u201d poder \u201cfortalecer, en cada uno de los departamentos donde residen las personas, el mayor desarrollo de atenci\u00f3n en la salud\u201d.<\/p>\n\n\n\n<p>La ministra reconoci\u00f3 que actualmente existen dificultades en el acceso a m\u00e9dicos especialistas en algunos departamentos. Apunt\u00f3 que las intendencias tienen \u201cun desarrollo de policl\u00ednicas, sobre todo, vinculado al primer nivel de atenci\u00f3n, el \u00e1rea rural\u201d.<\/p>\n\n\n\n<p>Con esa base, Lustemberg dijo que se cre\u00f3 un equipo de trabajo entre el Congreso de Intendentes, el Ministerio de Salud P\u00fablica (MSP) y los directores departamentales de salud con el objetivo de \u201cver planes departamentales de salud y cu\u00e1les son las necesidades que tiene cada departamento\u201d.<\/p>\n\n\n\n<p>Seg\u00fan coment\u00f3 Lustemberg, los intendentes dijeron que \u201ctienen muchas dificultades\u201d en sus departamentos con las prestaciones vinculadas a la salud mental. En esa l\u00ednea, anunci\u00f3 la creaci\u00f3n de centros regionales \u201cpara resolver y atender temas vinculados al consumo problem\u00e1tico de sustancias\u201d.<\/p>\n\n\n\n<p>\u201c[Fue] una muy buena reuni\u00f3n de trabajo centrada en resolver los temas de salud que tiene la gente, que son los tiempos de espera, que es el acceso a los medicamentos, que es resolver de forma m\u00e1s cercana los problemas que hay\u201d, expres\u00f3.<\/p>\n\n\n\n<h3 class=\"wp-block-heading\">Operaci\u00f3n para tratar apendicitis pasar\u00e1 a tener \u201cuna tasa moderada\u201d en su costo, anunci\u00f3 Lustemberg<\/h3>\n\n\n\n<p>Lustemberg dijo que, en el marco de la sesi\u00f3n plenaria de los intendentes, el MSP anunci\u00f3 que el a\u00f1o que viene va a haber 25 cargos m\u00e1s de residentes para ejercer la residencia de medicina en los departamentos del interior, como forma de \u201cfacilitar el acceso\u201d y \u201cfavorecer que despu\u00e9s puedan vivir en esos lugares estos cargos m\u00e9dicos\u201d.<\/p>\n\n\n\n<p>Por otro lado, y en la l\u00ednea del acceso de la ciudadan\u00eda a prestaciones m\u00e9dicas, la ministra anunci\u00f3 que antes de fin de a\u00f1o la apendicectom\u00eda por v\u00eda laparosc\u00f3pica \u2013para extirpar el ap\u00e9ndice\u2013 va a pasar a tener \u201cuna tasa moderada\u201d en los prestadores, ya que actualmente estos \u201cle pueden cobrar a la ciudadan\u00eda entre 35.000 y 75.000 pesos\u201d. Este cambio, seg\u00fan indic\u00f3, es \u201cproducto de un espacio de negociaci\u00f3n y de trabajo con los prestadores\u201d.<\/p>\n\n\n\n<p>A su vez, adelant\u00f3 que los medicamentos anticoagulantes orales, que las personas consumen por indicaci\u00f3n m\u00e9dica y previenen eventos vasculares, ser\u00e1n \u201cregulados con un ticket por el Estado\u201d. Esto va a significar, seg\u00fan dijo, que pase de un costo de entre 3.500 y 7.500 pesos por mes a 200 o 250 pesos por mes.<\/p>\n\n\n\n<p>Lustemberg resalt\u00f3 que las dos prestaciones \u201cse van a incorporar antes de fin de a\u00f1o\u201d y apunt\u00f3 que se trata de prestaciones que hoy en d\u00eda \u201cson muy sentidas por la ciudadan\u00eda\u201d. Relacionado con esto, dijo que el MSP est\u00e1 trabajando en un plan en conjunto con el Ministerio de Econom\u00eda y Finanzas para que en los pr\u00f3ximos cuatro a\u00f1os se puedan incorporar las prestaciones que faltan.<\/p>\n","protected":false},"excerpt":{"rendered":"<p>La ministra de Salud P\u00fablica se reuni\u00f3 con el Congreso de Intendentes para conversar sobre \u201cplanes departamentales de salud\u201d y analizar \u201ccu\u00e1les son las necesidades<\/p>\n","protected":false},"author":1,"featured_media":4575,"comment_status":"open","ping_status":"open","sticky":false,"template":"","format":"standard","meta":{"advgb_blocks_editor_width":"","advgb_blocks_columns_visual_guide":"","footnotes":"","jetpack_publicize_message":"La ministra de Salud P\u00fablica se reuni\u00f3 con el Congreso de Intendentes para conversar sobre \u201cplanes departamentales de salud\u201d y analizar \u201ccu\u00e1les son las necesidades que tiene cada departamento\u201d para ...","jetpack_publicize_feature_enabled":false,"jetpack_social_post_already_shared":false,"jetpack_social_options":{"image_generator_settings":{"template":"highway","default_image_id":0,"font":"","enabled":false},"version":2}},"categories":[7],"tags":[],"class_list":["post-4574","post","type-post","status-publish","format-standard","has-post-thumbnail","hentry","category-del-pais"],"author_meta":{"display_name":"Portal","author_link":"https:\/\/portaldeyoung.uy\/index.php\/author\/admin_port\/"},"featured_img":"https:\/\/portaldeyoung.uy\/wp-content\/uploads\/2025\/10\/lustemberg-300x177.jpg","jetpack_publicize_connections":[],"coauthors":[],"tax_additional":{"categories":{"linked":["<a href=\"https:\/\/portaldeyoung.uy\/index.php\/category\/del-pais\/\" class=\"advgb-post-tax-term\">Del pa\u00eds<\/a>"],"unlinked":["<span class=\"advgb-post-tax-term\">Del pa\u00eds<\/span>"]}},"comment_count":"0","relative_dates":{"created":"Publicado 6 meses hace","modified":"Actualizado 6 meses hace"},"absolute_dates":{"created":"Publicado el octubre 17, 2025","modified":"Actualizado el octubre 17, 2025"},"absolute_dates_time":{"created":"Publicado el octubre 17, 2025 10:13 am","modified":"Actualizado el octubre 17, 2025 10:14 am"},"featured_img_caption":"","series_order":"","_links":{"self":[{"href":"https:\/\/portaldeyoung.uy\/index.php\/wp-json\/wp\/v2\/posts\/4574","targetHints":{"allow":["GET"]}}],"collection":[{"href":"https:\/\/portaldeyoung.uy\/index.php\/wp-json\/wp\/v2\/posts"}],"about":[{"href":"https:\/\/portaldeyoung.uy\/index.php\/wp-json\/wp\/v2\/types\/post"}],"author":[{"embeddable":true,"href":"https:\/\/portaldeyoung.uy\/index.php\/wp-json\/wp\/v2\/users\/1"}],"replies":[{"embeddable":true,"href":"https:\/\/portaldeyoung.uy\/index.php\/wp-json\/wp\/v2\/comments?post=4574"}],"version-history":[{"count":1,"href":"https:\/\/portaldeyoung.uy\/index.php\/wp-json\/wp\/v2\/posts\/4574\/revisions"}],"predecessor-version":[{"id":4576,"href":"https:\/\/portaldeyoung.uy\/index.php\/wp-json\/wp\/v2\/posts\/4574\/revisions\/4576"}],"wp:featuredmedia":[{"embeddable":true,"href":"https:\/\/portaldeyoung.uy\/index.php\/wp-json\/wp\/v2\/media\/4575"}],"wp:attachment":[{"href":"https:\/\/portaldeyoung.uy\/index.php\/wp-json\/wp\/v2\/media?parent=4574"}],"wp:term":[{"taxonomy":"category","embeddable":true,"href":"https:\/\/portaldeyoung.uy\/index.php\/wp-json\/wp\/v2\/categories?post=4574"},{"taxonomy":"post_tag","embeddable":true,"href":"https:\/\/portaldeyoung.uy\/index.php\/wp-json\/wp\/v2\/tags?post=4574"}],"curies":[{"name":"wp","href":"https:\/\/api.w.org\/{rel}","templated":true}]}}