{"id":450,"date":"2025-06-16T08:41:38","date_gmt":"2025-06-16T08:41:38","guid":{"rendered":"https:\/\/portaldeyoung.uy\/?p=450"},"modified":"2025-06-16T08:41:44","modified_gmt":"2025-06-16T08:41:44","slug":"usamos-mi-camisa-para-abrigar-al-bebe-ian-lucas-nacio-en-un-patrullero-asistido-por-policias","status":"publish","type":"post","link":"https:\/\/portaldeyoung.uy\/index.php\/2025\/06\/16\/usamos-mi-camisa-para-abrigar-al-bebe-ian-lucas-nacio-en-un-patrullero-asistido-por-policias\/","title":{"rendered":"\u00abUsamos mi camisa para abrigar al beb\u00e9\u00bb: Ian Lucas naci\u00f3 en un patrullero, asistido por polic\u00edas"},"content":{"rendered":"\n<p>La madre de Ian Lucas, una joven de 22 a\u00f1os, rompi\u00f3 bolsa cuando era trasladada al hospital en el patrullero. Los polic\u00edas detuvieron la marcha y asistieron el parto.<\/p>\n\n\n\n<p>H\u00e9ctor Burgains y Nicoll Silvera, polic\u00edas de la seccional 3\u00aa de Montevideo, asistieron en un parto, sobre las siete de la ma\u00f1ana de este domingo, en el Centro.<\/p>\n\n\n\n<p>Ya con 39 semanas de embarazo, una joven de 22 a\u00f1os se encontraba a t\u00e9rmino, en una vivienda de Cerro Largo y Convenci\u00f3n. Varias personas llamaron a la Polic\u00eda para pedir ayuda.<\/p>\n\n\n\n<p>La joven subi\u00f3 al patrullero y a las dos cuadras comenz\u00f3 los trabajos de parto, por lo que los efectivos detuvieron la marcha y la asistieron. Burgains ya hab\u00eda tenido una experiencia, pero para Silveira fue la primera vez.<\/p>\n\n\n\n<p>\u00abUsamos mi camisa para abrigar al <a href=\"https:\/\/www.subrayado.com.uy\/bebe-a6209\">beb\u00e9<\/a>. Ligamos con un guante el cord\u00f3n umbilical\u00bb, cont\u00f3 el polic\u00eda a <em>Subrayado<\/em>. Y manifest\u00f3 satisfacci\u00f3n por haber hecho todo bien para que hoy Ian Lucas, que pes\u00f3 2,400 kg, se encuentre bien. Pese a que a esa hora de la ma\u00f1ana hac\u00eda fr\u00edo.<\/p>\n\n\n\n<p>\u00abNo hubo ninguna complicaci\u00f3n, fue natural, por suerte se dio todo bien\u00bb, valor\u00f3.<\/p>\n\n\n\n<p>\u00abHubo nerviosismo pero por suerte sali\u00f3 todo bien\u00bb, agreg\u00f3 Silveira. Y dijo que la madre \u00abestaba bastante tranquila\u00bb y colabor\u00f3. \u00ab(Estaba) muy agradecida con la Polic\u00eda\u00bb, sum\u00f3.<\/p>\n\n\n\n<p>Luego del parto, ambos hicieron el traslado de madre e hijo al hospital Pereira Rossell donde se encuentran Ian y su madre, en buen estado de salud.<\/p>\n\n\n\n<p>\u00abEs una satisfacci\u00f3n muy buena, al recibir la noticia de los m\u00e9dicos de que estaba todo bien, mejor todav\u00eda. Tranquilidad de que se hizo todo bien\u00bb, destac\u00f3 Burgains.<\/p>\n\n\n\n<p><em>*Subrayado<\/em><\/p>\n\n\n\n<p><\/p>\n","protected":false},"excerpt":{"rendered":"<p>La madre de Ian Lucas, una joven de 22 a\u00f1os, rompi\u00f3 bolsa cuando era trasladada al hospital en el patrullero. Los polic\u00edas detuvieron la marcha<\/p>\n","protected":false},"author":1,"featured_media":0,"comment_status":"open","ping_status":"open","sticky":false,"template":"","format":"standard","meta":{"advgb_blocks_editor_width":"","advgb_blocks_columns_visual_guide":"","footnotes":"","jetpack_publicize_message":"","jetpack_publicize_feature_enabled":true,"jetpack_social_post_already_shared":true,"jetpack_social_options":{"image_generator_settings":{"template":"highway","default_image_id":0,"font":"","enabled":false},"version":2}},"categories":[7],"tags":[],"class_list":["post-450","post","type-post","status-publish","format-standard","hentry","category-del-pais"],"author_meta":{"display_name":"Portal","author_link":"https:\/\/portaldeyoung.uy\/index.php\/author\/admin_port\/"},"featured_img":null,"jetpack_publicize_connections":[],"coauthors":[],"tax_additional":{"categories":{"linked":["<a href=\"https:\/\/portaldeyoung.uy\/index.php\/category\/del-pais\/\" class=\"advgb-post-tax-term\">Del pa\u00eds<\/a>"],"unlinked":["<span class=\"advgb-post-tax-term\">Del pa\u00eds<\/span>"]}},"comment_count":"0","relative_dates":{"created":"Publicado 11 meses hace","modified":"Actualizado 11 meses hace"},"absolute_dates":{"created":"Publicado el junio 16, 2025","modified":"Actualizado el junio 16, 2025"},"absolute_dates_time":{"created":"Publicado el junio 16, 2025 8:41 am","modified":"Actualizado el junio 16, 2025 8:41 am"},"featured_img_caption":"","series_order":"","_links":{"self":[{"href":"https:\/\/portaldeyoung.uy\/index.php\/wp-json\/wp\/v2\/posts\/450","targetHints":{"allow":["GET"]}}],"collection":[{"href":"https:\/\/portaldeyoung.uy\/index.php\/wp-json\/wp\/v2\/posts"}],"about":[{"href":"https:\/\/portaldeyoung.uy\/index.php\/wp-json\/wp\/v2\/types\/post"}],"author":[{"embeddable":true,"href":"https:\/\/portaldeyoung.uy\/index.php\/wp-json\/wp\/v2\/users\/1"}],"replies":[{"embeddable":true,"href":"https:\/\/portaldeyoung.uy\/index.php\/wp-json\/wp\/v2\/comments?post=450"}],"version-history":[{"count":1,"href":"https:\/\/portaldeyoung.uy\/index.php\/wp-json\/wp\/v2\/posts\/450\/revisions"}],"predecessor-version":[{"id":452,"href":"https:\/\/portaldeyoung.uy\/index.php\/wp-json\/wp\/v2\/posts\/450\/revisions\/452"}],"wp:attachment":[{"href":"https:\/\/portaldeyoung.uy\/index.php\/wp-json\/wp\/v2\/media?parent=450"}],"wp:term":[{"taxonomy":"category","embeddable":true,"href":"https:\/\/portaldeyoung.uy\/index.php\/wp-json\/wp\/v2\/categories?post=450"},{"taxonomy":"post_tag","embeddable":true,"href":"https:\/\/portaldeyoung.uy\/index.php\/wp-json\/wp\/v2\/tags?post=450"}],"curies":[{"name":"wp","href":"https:\/\/api.w.org\/{rel}","templated":true}]}}