{"id":4428,"date":"2025-10-14T10:18:38","date_gmt":"2025-10-14T10:18:38","guid":{"rendered":"https:\/\/portaldeyoung.uy\/?p=4428"},"modified":"2025-10-14T10:19:13","modified_gmt":"2025-10-14T10:19:13","slug":"ubican-cuerpo-de-un-remisero-presuntamente-asesinado-por-el-uruguayo-pablo-laurta","status":"publish","type":"post","link":"https:\/\/portaldeyoung.uy\/index.php\/2025\/10\/14\/ubican-cuerpo-de-un-remisero-presuntamente-asesinado-por-el-uruguayo-pablo-laurta\/","title":{"rendered":"Ubican cuerpo de un remisero presuntamente asesinado por el uruguayo Pablo Laurta"},"content":{"rendered":"\n<p>La Polic\u00eda encontr\u00f3 la billetera del remisero entre las pertenencias del uruguayo, detenido por matar a su expareja, a su exsuegra y secuestrar a su hijo de 5 a\u00f1os, en C\u00f3rdoba.<\/p>\n\n\n\n<p>Lo encontraron en la zona en donde buscan a Sebasti\u00e1n Palacios e investigan si se trata del trabajador a quien el uruguayo contrat\u00f3 para trasladarse a la capital cordobesa donde asesin\u00f3 a su ex pareja y su ex suegra.<br><br>El cuerpo que ahora se investiga fue encontrado en la ciudad entrerriana de Concordia y la Justicia investiga si pertenece a Mat\u00edas Sebasti\u00e1n Palacios.<br><br>Pablo Laurta se escap\u00f3 con su hijo en un taxi hac\u00eda luego de asesinar a su ex pareja y exsuegra el s\u00e1bado al mediod\u00eda y contrat\u00f3 a un taxista para viajar hacia Gualeguaych\u00fa, con intenci\u00f3n de cruzar el r\u00edo Uruguay en una chalana y reingresar en forma irregular.<br><br>\u201cJoaqu\u00edn\u201d, el taxista que realiz\u00f3 el viaje junto a Laurta y su hijo cont\u00f3 a medios cordobeses que \u201cel nene estaba muy descompuesto, estaba amarillo\u201d.<br><br>Sobre donde recogi\u00f3 a Laurta, asegur\u00f3 que el viaje comenz\u00f3 en la plaza de los ni\u00f1os de la terminal de \u00f3mnibus de C\u00f3rdoba alrededor de las 11 de la ma\u00f1ana. Laurta quer\u00eda un ba\u00f1o para cambiar al hijo y un lugar donde cambiar d\u00f3lares.<br><br>El taxista dijo que le sorprendi\u00f3 realizar un viaje tan largo ya que \u201cya no es algo tan com\u00fan\u201d. Adem\u00e1s, en un principio el viaje era Concordia, pero el destino cambi\u00f3 a Gualeguaych\u00fa.<br><br>\u201cJoaqu\u00edn\u201d se\u00f1al\u00f3 que le \u201csorprendi\u00f3\u201d que el hombre \u201cno le ofrec\u00eda comida al nene, solo le daba golosinas\u201d.<br><br>Adem\u00e1s, coment\u00f3 que le ofreci\u00f3 llevar al nene a un centro m\u00e9dico, ya que estaba vomitando, y Laurta se neg\u00f3 porque \u201cno quer\u00eda llegar tarde a una reuni\u00f3n\u201d.<br><br>\u201cEl viaje fue de aproximadamente unas ocho horas. Al llegar all\u00e1 lo dej\u00e9 a una cuadra del hotel donde estaban. En el viaje iba hablando con los hoteles para ver si hab\u00eda disponibilidad\u201d, detall\u00f3.<br><br>Durante el viaje, Laurta se exaltaba al hablar de su expareja y lleg\u00f3 a decirle que \u201cLuna era una hija de pu.. y que le hab\u00eda arruinado la vida\u201d, tambi\u00e9n le dec\u00eda al ni\u00f1o que \u201cpor un tiempo no iba a ver m\u00e1s a la mam\u00e1 y que ella los iba a dejar en paz\u201d.<br><br>Sobre cuando se dio cuenta de qu\u00e9 hab\u00eda llevado al doble femicida, el taxista asegur\u00f3: \u201cun familiar me envi\u00f3 la noticia y vi al ni\u00f1o muy igual en las fotos, cuando lo reconoc\u00ed se me hel\u00f3 el alma\u201d.<br><br>\u201cEl domingo al mediod\u00eda le avise a la Polic\u00eda. Lleg\u00f3 un m\u00f3vil, me entrevist\u00f3 y ah\u00ed se activ\u00f3 la alerta Sofia. Me dej\u00f3 muy tranquilo cuando el ni\u00f1o estaba resguardado\u201d, cont\u00f3.<br><br>\u201cEsa persona estaba armada y me podr\u00eda haber hecho algo, me podr\u00eda haber pasado algo\u201d, cerr\u00f3.<\/p>\n\n\n\n<p><em>*Foto: Infobae Argentina<\/em><\/p>\n","protected":false},"excerpt":{"rendered":"<p>La Polic\u00eda encontr\u00f3 la billetera del remisero entre las pertenencias del uruguayo, detenido por matar a su expareja, a su exsuegra y secuestrar a su<\/p>\n","protected":false},"author":1,"featured_media":4429,"comment_status":"open","ping_status":"open","sticky":false,"template":"","format":"standard","meta":{"advgb_blocks_editor_width":"","advgb_blocks_columns_visual_guide":"","footnotes":"","jetpack_publicize_message":"La Polic\u00eda encontr\u00f3 la billetera del remisero entre las pertenencias del uruguayo, detenido por matar a su expareja, a su exsuegra y secuestrar a su hijo de 5 a\u00f1os, en C\u00f3rdoba...","jetpack_publicize_feature_enabled":false,"jetpack_social_post_already_shared":false,"jetpack_social_options":{"image_generator_settings":{"template":"highway","default_image_id":0,"font":"","enabled":false},"version":2}},"categories":[7],"tags":[],"class_list":["post-4428","post","type-post","status-publish","format-standard","has-post-thumbnail","hentry","category-del-pais"],"author_meta":{"display_name":"Portal","author_link":"https:\/\/portaldeyoung.uy\/index.php\/author\/admin_port\/"},"featured_img":"https:\/\/portaldeyoung.uy\/wp-content\/uploads\/2025\/10\/asesino-300x176.png","jetpack_publicize_connections":[],"coauthors":[],"tax_additional":{"categories":{"linked":["<a href=\"https:\/\/portaldeyoung.uy\/index.php\/category\/del-pais\/\" class=\"advgb-post-tax-term\">Del pa\u00eds<\/a>"],"unlinked":["<span class=\"advgb-post-tax-term\">Del pa\u00eds<\/span>"]}},"comment_count":"0","relative_dates":{"created":"Publicado 7 meses hace","modified":"Actualizado 7 meses hace"},"absolute_dates":{"created":"Publicado el octubre 14, 2025","modified":"Actualizado el octubre 14, 2025"},"absolute_dates_time":{"created":"Publicado el octubre 14, 2025 10:18 am","modified":"Actualizado el octubre 14, 2025 10:19 am"},"featured_img_caption":"","series_order":"","_links":{"self":[{"href":"https:\/\/portaldeyoung.uy\/index.php\/wp-json\/wp\/v2\/posts\/4428","targetHints":{"allow":["GET"]}}],"collection":[{"href":"https:\/\/portaldeyoung.uy\/index.php\/wp-json\/wp\/v2\/posts"}],"about":[{"href":"https:\/\/portaldeyoung.uy\/index.php\/wp-json\/wp\/v2\/types\/post"}],"author":[{"embeddable":true,"href":"https:\/\/portaldeyoung.uy\/index.php\/wp-json\/wp\/v2\/users\/1"}],"replies":[{"embeddable":true,"href":"https:\/\/portaldeyoung.uy\/index.php\/wp-json\/wp\/v2\/comments?post=4428"}],"version-history":[{"count":1,"href":"https:\/\/portaldeyoung.uy\/index.php\/wp-json\/wp\/v2\/posts\/4428\/revisions"}],"predecessor-version":[{"id":4430,"href":"https:\/\/portaldeyoung.uy\/index.php\/wp-json\/wp\/v2\/posts\/4428\/revisions\/4430"}],"wp:featuredmedia":[{"embeddable":true,"href":"https:\/\/portaldeyoung.uy\/index.php\/wp-json\/wp\/v2\/media\/4429"}],"wp:attachment":[{"href":"https:\/\/portaldeyoung.uy\/index.php\/wp-json\/wp\/v2\/media?parent=4428"}],"wp:term":[{"taxonomy":"category","embeddable":true,"href":"https:\/\/portaldeyoung.uy\/index.php\/wp-json\/wp\/v2\/categories?post=4428"},{"taxonomy":"post_tag","embeddable":true,"href":"https:\/\/portaldeyoung.uy\/index.php\/wp-json\/wp\/v2\/tags?post=4428"}],"curies":[{"name":"wp","href":"https:\/\/api.w.org\/{rel}","templated":true}]}}