{"id":4358,"date":"2025-10-10T10:25:20","date_gmt":"2025-10-10T10:25:20","guid":{"rendered":"https:\/\/portaldeyoung.uy\/?p=4358"},"modified":"2025-10-13T10:19:25","modified_gmt":"2025-10-13T10:19:25","slug":"el-grupo-local-de-apoyo-a-teleton-continua-trabajando-intensamente","status":"publish","type":"post","link":"https:\/\/portaldeyoung.uy\/index.php\/2025\/10\/10\/el-grupo-local-de-apoyo-a-teleton-continua-trabajando-intensamente\/","title":{"rendered":"El grupo local de apoyo a TELET\u00d3N contin\u00faa trabajando intensamente"},"content":{"rendered":"\n<p>El grupo local de apoyo a <strong>TELET\u00d3N<\/strong> sigue adelante con una agenda cargada de actividades solidarias en nuestra ciudad. Una de las responsables, <strong>Viviana N\u00fa\u00f1ez<\/strong>, expres\u00f3 que <em>\u201ccomo saben, ya comenzamos con las actividades de Telet\u00f3n 2025. Lamentablemente tuvimos que cancelar las criollas por el clima, pero seguimos igualmente con todas las ganas\u201d<\/em>.<\/p>\n\n\n\n<p>N\u00fa\u00f1ez record\u00f3 que el <strong>mi\u00e9rcoles 5 de noviembre<\/strong> se realizar\u00e1 la <strong>13\u00aa Feria Americana Solidaria<\/strong>, y el <strong>viernes 7 de noviembre<\/strong> tendr\u00e1 lugar el <strong>11\u00ba Remate Solidario<\/strong>. Adem\u00e1s, invit\u00f3 a los vecinos a colaborar: <em>\u201cSi tienen algo que ya no usen y quieran donarlo para la Telet\u00f3n, nos avisan y coordinamos para levantarlo o que lo puedan llevar. Recibimos hasta un d\u00eda antes de cada evento. \u00a1Todo es bienvenido mientras sirva para alguien m\u00e1s!\u201d<\/em>.<\/p>\n\n\n\n<p>El grupo destac\u00f3 tambi\u00e9n el calendario de actividades previstas para los pr\u00f3ximos d\u00edas:<\/p>\n\n\n\n<p>\ud83c\udf89 <strong>18 de octubre:<\/strong> 4\u00aa <em>Cena Show<\/em> y 11\u00ba <em>Bingo Solidario<\/em>.<br>\u26bd <strong>25 y 26 de octubre:<\/strong> 9\u00ba <em>Campeonato de F\u00fatbol Infantil<\/em> y 3\u00ba <em>Campeonato de F\u00fatbol Femenino<\/em>.<br>\ud83d\udeb4 <strong>1\u00ba de noviembre:<\/strong> 7\u00aa <em>Bicicleteada Solidaria<\/em>.<br>\ud83c\udf55 <strong>4, 5 y 6 de noviembre:<\/strong> 7\u00aa <em>Muzzat\u00f3n<\/em>.<br>\ud83c\udfad <strong>4 de noviembre:<\/strong> <em>Piero y Horacio en Teatro Atenas<\/em>.<br>\ud83d\udc57 <strong>5 de noviembre:<\/strong> 13\u00aa <em>Feria Americana Solidaria<\/em>.<br>\ud83d\udd28 <strong>7 de noviembre:<\/strong> 11\u00ba <em>Remate Solidario<\/em>.<br>\ud83c\udfb6 <strong>8 de noviembre:<\/strong> 9\u00ba <em>Festival Musical<\/em>.<\/p>\n\n\n\n<p>Desde la organizaci\u00f3n reiteran que todas las actividades se realizan con un mismo objetivo: <strong>apoyar la obra de TELET\u00d3N<\/strong>, promoviendo la solidaridad y el compromiso.<\/p>\n","protected":false},"excerpt":{"rendered":"<p>El grupo local de apoyo a TELET\u00d3N sigue adelante con una agenda cargada de actividades solidarias en nuestra ciudad. Una de las responsables, Viviana N\u00fa\u00f1ez,<\/p>\n","protected":false},"author":1,"featured_media":4359,"comment_status":"open","ping_status":"open","sticky":false,"template":"","format":"standard","meta":{"advgb_blocks_editor_width":"","advgb_blocks_columns_visual_guide":"","footnotes":"","jetpack_publicize_message":"El grupo local de apoyo a TELET\u00d3N sigue adelante con una agenda cargada de actividades solidarias en nuestra ciudad. Una de las ...","jetpack_publicize_feature_enabled":false,"jetpack_social_post_already_shared":false,"jetpack_social_options":{"image_generator_settings":{"template":"highway","default_image_id":0,"font":"","enabled":false},"version":2}},"categories":[4],"tags":[],"class_list":["post-4358","post","type-post","status-publish","format-standard","has-post-thumbnail","hentry","category-de-aca"],"author_meta":{"display_name":"Portal","author_link":"https:\/\/portaldeyoung.uy\/index.php\/author\/admin_port\/"},"featured_img":"https:\/\/portaldeyoung.uy\/wp-content\/uploads\/2025\/10\/Teleton-02-300x170.jpg","jetpack_publicize_connections":[],"coauthors":[],"tax_additional":{"categories":{"linked":["<a href=\"https:\/\/portaldeyoung.uy\/index.php\/category\/de-aca\/\" class=\"advgb-post-tax-term\">De ac\u00e1<\/a>"],"unlinked":["<span class=\"advgb-post-tax-term\">De ac\u00e1<\/span>"]}},"comment_count":"0","relative_dates":{"created":"Publicado 7 meses hace","modified":"Actualizado 7 meses hace"},"absolute_dates":{"created":"Publicado el octubre 10, 2025","modified":"Actualizado el octubre 13, 2025"},"absolute_dates_time":{"created":"Publicado el octubre 10, 2025 10:25 am","modified":"Actualizado el octubre 13, 2025 10:19 am"},"featured_img_caption":"","series_order":"","_links":{"self":[{"href":"https:\/\/portaldeyoung.uy\/index.php\/wp-json\/wp\/v2\/posts\/4358","targetHints":{"allow":["GET"]}}],"collection":[{"href":"https:\/\/portaldeyoung.uy\/index.php\/wp-json\/wp\/v2\/posts"}],"about":[{"href":"https:\/\/portaldeyoung.uy\/index.php\/wp-json\/wp\/v2\/types\/post"}],"author":[{"embeddable":true,"href":"https:\/\/portaldeyoung.uy\/index.php\/wp-json\/wp\/v2\/users\/1"}],"replies":[{"embeddable":true,"href":"https:\/\/portaldeyoung.uy\/index.php\/wp-json\/wp\/v2\/comments?post=4358"}],"version-history":[{"count":1,"href":"https:\/\/portaldeyoung.uy\/index.php\/wp-json\/wp\/v2\/posts\/4358\/revisions"}],"predecessor-version":[{"id":4360,"href":"https:\/\/portaldeyoung.uy\/index.php\/wp-json\/wp\/v2\/posts\/4358\/revisions\/4360"}],"wp:featuredmedia":[{"embeddable":true,"href":"https:\/\/portaldeyoung.uy\/index.php\/wp-json\/wp\/v2\/media\/4359"}],"wp:attachment":[{"href":"https:\/\/portaldeyoung.uy\/index.php\/wp-json\/wp\/v2\/media?parent=4358"}],"wp:term":[{"taxonomy":"category","embeddable":true,"href":"https:\/\/portaldeyoung.uy\/index.php\/wp-json\/wp\/v2\/categories?post=4358"},{"taxonomy":"post_tag","embeddable":true,"href":"https:\/\/portaldeyoung.uy\/index.php\/wp-json\/wp\/v2\/tags?post=4358"}],"curies":[{"name":"wp","href":"https:\/\/api.w.org\/{rel}","templated":true}]}}