{"id":4330,"date":"2025-10-10T09:08:59","date_gmt":"2025-10-10T09:08:59","guid":{"rendered":"https:\/\/portaldeyoung.uy\/?p=4330"},"modified":"2025-10-10T09:12:13","modified_gmt":"2025-10-10T09:12:13","slug":"se-amplia-a-35-la-brecha-de-precios-con-argentina-segun-el-observatorio-de-precios-fronterizos","status":"publish","type":"post","link":"https:\/\/portaldeyoung.uy\/index.php\/2025\/10\/10\/se-amplia-a-35-la-brecha-de-precios-con-argentina-segun-el-observatorio-de-precios-fronterizos\/","title":{"rendered":"Se ampl\u00eda a 35% la brecha de precios con Argentina, seg\u00fan el Observatorio de Precios Fronterizos"},"content":{"rendered":"\n<p>La <strong>brecha de precios entre Uruguay y Argentina<\/strong> volvi\u00f3 a ampliarse, alcanzando un <strong>35% en setiembre<\/strong>, seg\u00fan el \u00faltimo informe del <strong>Observatorio de Precios Fronterizos (IPF)<\/strong> de la <strong>Universidad Cat\u00f3lica del Uruguay<\/strong>. En julio, la diferencia era de <strong>26,4%<\/strong>, lo que confirma un nuevo ensanchamiento del diferencial.<\/p>\n\n\n\n<p>El estudio, basado en datos de <strong>Salto y Concordia<\/strong>, pero aplicable a otras ciudades del Litoral, atribuye el incremento al <strong>mayor valor del d\u00f3lar en Argentina<\/strong> y a una <strong>inflaci\u00f3n moderada en Uruguay<\/strong>. En la vecina orilla, el tipo de cambio subi\u00f3 <strong>9,5%<\/strong>, mientras que en nuestro pa\u00eds cay\u00f3 <strong>0,7%<\/strong>.<\/p>\n\n\n\n<p>La <strong>inflaci\u00f3n argentina<\/strong> fue de <strong>1,8% en agosto<\/strong>, acumulando <strong>19,4% en el a\u00f1o<\/strong>, mientras que en Uruguay alcanz\u00f3 <strong>0,42% en setiembre<\/strong>, con <strong>3,19% en el a\u00f1o<\/strong> y <strong>4,25% en 12 meses<\/strong>.<\/p>\n\n\n\n<p>Entre los <strong>rubros m\u00e1s afectados<\/strong>, <strong>alimentos y bebidas no alcoh\u00f3licas<\/strong> muestran una diferencia del <strong>30%<\/strong>, mientras que <strong>bebidas alcoh\u00f3licas y cigarrillos<\/strong> trepan al <strong>57%<\/strong>, destac\u00e1ndose el <strong>vino (148%)<\/strong> y los <strong>cigarrillos (66%)<\/strong>.<\/p>\n\n\n\n<p>En <strong>combustibles<\/strong>, la brecha para la <strong>nafta s\u00faper<\/strong> es de <strong>19%<\/strong>, aunque sin el descuento del Imesi llegar\u00eda al <strong>83%<\/strong>. En <strong>comidas fuera del hogar<\/strong>, la diferencia asciende al <strong>72%<\/strong>, y en <strong>bienes diversos<\/strong> al <strong>66%<\/strong>, reflejando que Uruguay sigue siendo <strong>m\u00e1s caro que Argentina<\/strong> en la mayor\u00eda de los rubros.<\/p>\n\n\n\n<p><em>*El Tel\u00e9grafo<\/em><\/p>\n","protected":false},"excerpt":{"rendered":"<p>La brecha de precios entre Uruguay y Argentina volvi\u00f3 a ampliarse, alcanzando un 35% en setiembre, seg\u00fan el \u00faltimo informe del Observatorio de Precios Fronterizos<\/p>\n","protected":false},"author":1,"featured_media":4331,"comment_status":"open","ping_status":"open","sticky":false,"template":"","format":"standard","meta":{"advgb_blocks_editor_width":"","advgb_blocks_columns_visual_guide":"","footnotes":"","jetpack_publicize_message":"La brecha de precios entre Uruguay y Argentina volvi\u00f3 a ampliarse, alcanzando un 35% en setiembre, seg\u00fan el \u00faltimo informe del ... ","jetpack_publicize_feature_enabled":false,"jetpack_social_post_already_shared":false,"jetpack_social_options":{"image_generator_settings":{"template":"highway","default_image_id":0,"font":"","enabled":false},"version":2}},"categories":[7],"tags":[],"class_list":["post-4330","post","type-post","status-publish","format-standard","has-post-thumbnail","hentry","category-del-pais"],"author_meta":{"display_name":"Portal","author_link":"https:\/\/portaldeyoung.uy\/index.php\/author\/admin_port\/"},"featured_img":"https:\/\/portaldeyoung.uy\/wp-content\/uploads\/2025\/10\/sanducero-frontera-300x169.jpg","jetpack_publicize_connections":[],"coauthors":[],"tax_additional":{"categories":{"linked":["<a href=\"https:\/\/portaldeyoung.uy\/index.php\/category\/del-pais\/\" class=\"advgb-post-tax-term\">Del pa\u00eds<\/a>"],"unlinked":["<span class=\"advgb-post-tax-term\">Del pa\u00eds<\/span>"]}},"comment_count":"0","relative_dates":{"created":"Publicado 7 meses hace","modified":"Actualizado 7 meses hace"},"absolute_dates":{"created":"Publicado el octubre 10, 2025","modified":"Actualizado el octubre 10, 2025"},"absolute_dates_time":{"created":"Publicado el octubre 10, 2025 9:08 am","modified":"Actualizado el octubre 10, 2025 9:12 am"},"featured_img_caption":"","series_order":"","_links":{"self":[{"href":"https:\/\/portaldeyoung.uy\/index.php\/wp-json\/wp\/v2\/posts\/4330","targetHints":{"allow":["GET"]}}],"collection":[{"href":"https:\/\/portaldeyoung.uy\/index.php\/wp-json\/wp\/v2\/posts"}],"about":[{"href":"https:\/\/portaldeyoung.uy\/index.php\/wp-json\/wp\/v2\/types\/post"}],"author":[{"embeddable":true,"href":"https:\/\/portaldeyoung.uy\/index.php\/wp-json\/wp\/v2\/users\/1"}],"replies":[{"embeddable":true,"href":"https:\/\/portaldeyoung.uy\/index.php\/wp-json\/wp\/v2\/comments?post=4330"}],"version-history":[{"count":1,"href":"https:\/\/portaldeyoung.uy\/index.php\/wp-json\/wp\/v2\/posts\/4330\/revisions"}],"predecessor-version":[{"id":4332,"href":"https:\/\/portaldeyoung.uy\/index.php\/wp-json\/wp\/v2\/posts\/4330\/revisions\/4332"}],"wp:featuredmedia":[{"embeddable":true,"href":"https:\/\/portaldeyoung.uy\/index.php\/wp-json\/wp\/v2\/media\/4331"}],"wp:attachment":[{"href":"https:\/\/portaldeyoung.uy\/index.php\/wp-json\/wp\/v2\/media?parent=4330"}],"wp:term":[{"taxonomy":"category","embeddable":true,"href":"https:\/\/portaldeyoung.uy\/index.php\/wp-json\/wp\/v2\/categories?post=4330"},{"taxonomy":"post_tag","embeddable":true,"href":"https:\/\/portaldeyoung.uy\/index.php\/wp-json\/wp\/v2\/tags?post=4330"}],"curies":[{"name":"wp","href":"https:\/\/api.w.org\/{rel}","templated":true}]}}