{"id":4286,"date":"2025-10-09T11:44:06","date_gmt":"2025-10-09T11:44:06","guid":{"rendered":"https:\/\/portaldeyoung.uy\/?p=4286"},"modified":"2025-10-10T09:39:01","modified_gmt":"2025-10-10T09:39:01","slug":"octavo-encuentro-de-escuelas-rurales-y-un-mes-cargado-de-actividades-en-la-sociedad-rural-de-rio-negro","status":"publish","type":"post","link":"https:\/\/portaldeyoung.uy\/index.php\/2025\/10\/09\/octavo-encuentro-de-escuelas-rurales-y-un-mes-cargado-de-actividades-en-la-sociedad-rural-de-rio-negro\/","title":{"rendered":"Octavo Encuentro de Escuelas Rurales y un mes cargado de actividades en la Sociedad Rural de R\u00edo Negro"},"content":{"rendered":"\n<p>En di\u00e1logo del <em><strong>Portal de Young<\/strong><\/em> con la Ing. Agr. <strong>Virginia Mailhos<\/strong>, conocimos los detalles del <strong>Octavo Encuentro de Escuelas Rurales del departamento de R\u00edo Negro<\/strong>, as\u00ed como el calendario de actividades que desarrolla el <strong>Centro de Capacitaci\u00f3n Agropecuaria<\/strong> y la <strong>Sociedad Rural de R\u00edo Negro<\/strong> durante octubre y noviembre.<\/p>\n\n\n\n<p>\u201c<strong>Octubre siempre es un mes cargado<\/strong>, capaz que este a\u00f1o se adelantaron las actividades; ya desde agosto estamos con un mont\u00f3n de cosas. Sabemos que octubre es el mes central de las actividades fuertes y lo vamos a culminar con el <strong>Encuentro de Escuelas Rurales<\/strong>, que se realizar\u00e1 el <strong>mi\u00e9rcoles 29 de octubre<\/strong>\u201d, explic\u00f3 Mahilos.<\/p>\n\n\n\n<p>El encuentro, que re\u00fane a <strong>493 ni\u00f1os de las 38 escuelas rurales<\/strong> del departamento, tendr\u00e1 lugar en el <strong>R\u00edo Negro Polo Club<\/strong>, sede que tradicionalmente recibe a los participantes. La ingeniera destac\u00f3 que la organizaci\u00f3n, si bien comenz\u00f3 en el \u00e1mbito de la Sociedad Rural, \u201c<strong>ya es un trabajo de toda la comunidad<\/strong>\u201d, con la colaboraci\u00f3n de empresas locales, voluntarios, la Intendencia de R\u00edo Negro, ANEP y estudiantes de Educaci\u00f3n F\u00edsica, Municipio local.<\/p>\n\n\n\n<p>\u201cTodos aportan algo \u2014coment\u00f3\u2014: desde frigor\u00edficos, que brinda las hamburguesas, hasta supermercados, verduler\u00edas, vecinos y voluntarios que ayudan con tiempo, ideas y trabajo. Es una actividad muy gratificante, aunque con una log\u00edstica compleja, especialmente por el traslado de todos los ni\u00f1os desde las distintas escuelas, incluso aquellas que tienen un solo alumno\u201d.<\/p>\n\n\n\n<p>Mailhos tambi\u00e9n record\u00f3 la importancia del <strong>programa de padrinazgo<\/strong> que impulsa la Sociedad Rural de R\u00edo Negro. \u201cCada escuela tiene un padrino o madrina, socio o allegado de la Rural, que se convierte en referente para los ni\u00f1os y maestras. A veces colaboran con materiales, otras dictan charlas o reciben a los ni\u00f1os en sus establecimientos para actividades educativas y de campo\u201d.<\/p>\n\n\n\n<h3 class=\"wp-block-heading\">Actividades de octubre y noviembre<\/h3>\n\n\n\n<p>Adem\u00e1s del Encuentro de Escuelas Rurales, el mes de octubre presenta una intensa agenda:<\/p>\n\n\n\n<ul class=\"wp-block-list\">\n<li><strong>Viernes 17 de octubre<\/strong>: Taller <strong>\u201cMisi\u00f3n Circular\u201d<\/strong>, coordinado por el grupo <em>Young Circular<\/em>, con la participaci\u00f3n de la organizaci\u00f3n <em>Mutua<\/em>, que ense\u00f1ar\u00e1 a escolares de quinto y sexto a\u00f1o a elaborar jabones a partir de aceites reciclados.<\/li>\n\n\n\n<li><strong>Viernes 24 y jueves 31 de octubre<\/strong>: <strong>Curso de manejo para pastoreo<\/strong>, dirigido a operarios rurales, tambi\u00e9n en conjunto con el Plan Agropecuario.<\/li>\n<\/ul>\n\n\n\n<p>Las actividades culminar\u00e1n con el <strong>Octavo Encuentro de Escuelas Rurales<\/strong>, el <strong>mi\u00e9rcoles 29 de octubre<\/strong>, considerado por Mailhos \u201c<strong>la actividad m\u00e1s grande y gratificante del a\u00f1o, tanto en lo educativo como en lo social y log\u00edstico<\/strong>\u201d.<\/p>\n\n\n\n<p>Ya en <strong>noviembre<\/strong>, la Sociedad Rural iniciar\u00e1 las <strong>Jornadas de Pasturas y Cultivos de Invierno<\/strong>, que incluir\u00e1n una recorrida de campo junto a empresas participantes y una <strong>mesa redonda<\/strong> sobre los mercados agr\u00edcolas y ganaderos, con la presencia de <strong> Ismael Turban<\/strong> y la moderaci\u00f3n de <strong>Toty Zorrilla<\/strong>.<\/p>\n\n\n\n<p>\u201cEs un cierre de a\u00f1o muy intenso, pero con actividades que reflejan el trabajo articulado entre instituciones, productores y la comunidad. Eso es lo m\u00e1s valioso\u201d, concluy\u00f3 Mailhos.<\/p>\n","protected":false},"excerpt":{"rendered":"<p>En di\u00e1logo del Portal de Young con la Ing. Agr. Virginia Mailhos, conocimos los detalles del Octavo Encuentro de Escuelas Rurales del departamento de R\u00edo<\/p>\n","protected":false},"author":1,"featured_media":4292,"comment_status":"open","ping_status":"open","sticky":false,"template":"","format":"standard","meta":{"advgb_blocks_editor_width":"","advgb_blocks_columns_visual_guide":"","footnotes":"","jetpack_publicize_message":"En di\u00e1logo del Portal de Young con la Ing. Agr. Virginia Mailhos, conocimos los detalles del Octavo Encuentro de Escuelas Rurales...","jetpack_publicize_feature_enabled":false,"jetpack_social_post_already_shared":false,"jetpack_social_options":{"image_generator_settings":{"template":"highway","default_image_id":0,"font":"","enabled":false},"version":2}},"categories":[4],"tags":[],"class_list":["post-4286","post","type-post","status-publish","format-standard","has-post-thumbnail","hentry","category-de-aca"],"author_meta":{"display_name":"Portal","author_link":"https:\/\/portaldeyoung.uy\/index.php\/author\/admin_port\/"},"featured_img":"https:\/\/portaldeyoung.uy\/wp-content\/uploads\/2025\/10\/encuentro-de-escuelas-rurales-1-300x169.jpeg","jetpack_publicize_connections":[],"coauthors":[],"tax_additional":{"categories":{"linked":["<a href=\"https:\/\/portaldeyoung.uy\/index.php\/category\/de-aca\/\" class=\"advgb-post-tax-term\">De ac\u00e1<\/a>"],"unlinked":["<span class=\"advgb-post-tax-term\">De ac\u00e1<\/span>"]}},"comment_count":"0","relative_dates":{"created":"Publicado 7 meses hace","modified":"Actualizado 7 meses hace"},"absolute_dates":{"created":"Publicado el octubre 9, 2025","modified":"Actualizado el octubre 10, 2025"},"absolute_dates_time":{"created":"Publicado el octubre 9, 2025 11:44 am","modified":"Actualizado el octubre 10, 2025 9:39 am"},"featured_img_caption":"","series_order":"","_links":{"self":[{"href":"https:\/\/portaldeyoung.uy\/index.php\/wp-json\/wp\/v2\/posts\/4286","targetHints":{"allow":["GET"]}}],"collection":[{"href":"https:\/\/portaldeyoung.uy\/index.php\/wp-json\/wp\/v2\/posts"}],"about":[{"href":"https:\/\/portaldeyoung.uy\/index.php\/wp-json\/wp\/v2\/types\/post"}],"author":[{"embeddable":true,"href":"https:\/\/portaldeyoung.uy\/index.php\/wp-json\/wp\/v2\/users\/1"}],"replies":[{"embeddable":true,"href":"https:\/\/portaldeyoung.uy\/index.php\/wp-json\/wp\/v2\/comments?post=4286"}],"version-history":[{"count":1,"href":"https:\/\/portaldeyoung.uy\/index.php\/wp-json\/wp\/v2\/posts\/4286\/revisions"}],"predecessor-version":[{"id":4288,"href":"https:\/\/portaldeyoung.uy\/index.php\/wp-json\/wp\/v2\/posts\/4286\/revisions\/4288"}],"wp:featuredmedia":[{"embeddable":true,"href":"https:\/\/portaldeyoung.uy\/index.php\/wp-json\/wp\/v2\/media\/4292"}],"wp:attachment":[{"href":"https:\/\/portaldeyoung.uy\/index.php\/wp-json\/wp\/v2\/media?parent=4286"}],"wp:term":[{"taxonomy":"category","embeddable":true,"href":"https:\/\/portaldeyoung.uy\/index.php\/wp-json\/wp\/v2\/categories?post=4286"},{"taxonomy":"post_tag","embeddable":true,"href":"https:\/\/portaldeyoung.uy\/index.php\/wp-json\/wp\/v2\/tags?post=4286"}],"curies":[{"name":"wp","href":"https:\/\/api.w.org\/{rel}","templated":true}]}}