{"id":4149,"date":"2025-10-06T14:55:30","date_gmt":"2025-10-06T14:55:30","guid":{"rendered":"https:\/\/portaldeyoung.uy\/?p=4149"},"modified":"2025-10-07T11:21:25","modified_gmt":"2025-10-07T11:21:25","slug":"mes-de-las-personas-mayores-en-young-actividad-el-17-de-octubre","status":"publish","type":"post","link":"https:\/\/portaldeyoung.uy\/index.php\/2025\/10\/06\/mes-de-las-personas-mayores-en-young-actividad-el-17-de-octubre\/","title":{"rendered":"Mes de las Personas Mayores en Young, actividad el 17 de Octubre"},"content":{"rendered":"\n<p>En R\u00edo Negro habr\u00e1 actividades en  el Mes de las Personas Mayores con actividades que reconocen y visibilizan el valor, la experiencia y el aporte de quienes han construido nuestra sociedad. El director de Pol\u00edticas Sociales, Bruno Figun, destac\u00f3: \u201cdesde nuestro lugar reafirmamos el compromiso con la promoci\u00f3n y defensa de los derechos de las personas mayores, avanzando en la creaci\u00f3n de un espacio espec\u00edfico de trabajo con esta poblaci\u00f3n y fortaleciendo los apoyos ya existentes.\u201d<\/p>\n\n\n\n<p>Agenda de actividades<\/p>\n\n\n\n<p>\u2022 Fray Bentos \u2013 7 y 14 de octubre | 14:00 h<br>Cine Foro \u201cLas Consecuentes\u201d, gimnasia, teatro, coro y cierre con la Banda Municipal.<br>\u2022 Young \u2013 17 de octubre | 14:00 h<br>Cine Foro \u201cLas Consecuentes\u201d, stands y muestras de trabajos.<\/p>\n\n\n\n<p>Estas instancias son organizadas a trav\u00e9s de la Red de Personas Mayores, con el apoyo del \u00c1rea de Pol\u00edticas Sociales de la Intendencia de R\u00edo Negro. El objetivo es continuar construyendo pol\u00edticas inclusivas que garanticen dignidad, participaci\u00f3n y calidad de vida para todas las personas mayores de R\u00edo Negro.<\/p>\n\n\n\n<p>Invitamos a toda la comunidad a sumarse y acompa\u00f1ar este Mes de las Personas Mayores.<\/p>\n","protected":false},"excerpt":{"rendered":"<p>En R\u00edo Negro habr\u00e1 actividades en el Mes de las Personas Mayores con actividades que reconocen y visibilizan el valor, la experiencia y el aporte<\/p>\n","protected":false},"author":1,"featured_media":4150,"comment_status":"open","ping_status":"open","sticky":false,"template":"","format":"standard","meta":{"advgb_blocks_editor_width":"","advgb_blocks_columns_visual_guide":"","footnotes":"","jetpack_publicize_message":"","jetpack_publicize_feature_enabled":true,"jetpack_social_post_already_shared":true,"jetpack_social_options":{"image_generator_settings":{"template":"highway","default_image_id":0,"font":"","enabled":false},"version":2}},"categories":[4],"tags":[],"class_list":["post-4149","post","type-post","status-publish","format-standard","has-post-thumbnail","hentry","category-de-aca"],"author_meta":{"display_name":"Portal","author_link":"https:\/\/portaldeyoung.uy\/index.php\/author\/admin_port\/"},"featured_img":"https:\/\/portaldeyoung.uy\/wp-content\/uploads\/2025\/10\/cine-foro-300x149.jpg","jetpack_publicize_connections":[],"coauthors":[],"tax_additional":{"categories":{"linked":["<a href=\"https:\/\/portaldeyoung.uy\/index.php\/category\/de-aca\/\" class=\"advgb-post-tax-term\">De ac\u00e1<\/a>"],"unlinked":["<span class=\"advgb-post-tax-term\">De ac\u00e1<\/span>"]}},"comment_count":"0","relative_dates":{"created":"Publicado 7 meses hace","modified":"Actualizado 7 meses hace"},"absolute_dates":{"created":"Publicado el octubre 6, 2025","modified":"Actualizado el octubre 7, 2025"},"absolute_dates_time":{"created":"Publicado el octubre 6, 2025 2:55 pm","modified":"Actualizado el octubre 7, 2025 11:21 am"},"featured_img_caption":"","series_order":"","_links":{"self":[{"href":"https:\/\/portaldeyoung.uy\/index.php\/wp-json\/wp\/v2\/posts\/4149","targetHints":{"allow":["GET"]}}],"collection":[{"href":"https:\/\/portaldeyoung.uy\/index.php\/wp-json\/wp\/v2\/posts"}],"about":[{"href":"https:\/\/portaldeyoung.uy\/index.php\/wp-json\/wp\/v2\/types\/post"}],"author":[{"embeddable":true,"href":"https:\/\/portaldeyoung.uy\/index.php\/wp-json\/wp\/v2\/users\/1"}],"replies":[{"embeddable":true,"href":"https:\/\/portaldeyoung.uy\/index.php\/wp-json\/wp\/v2\/comments?post=4149"}],"version-history":[{"count":1,"href":"https:\/\/portaldeyoung.uy\/index.php\/wp-json\/wp\/v2\/posts\/4149\/revisions"}],"predecessor-version":[{"id":4151,"href":"https:\/\/portaldeyoung.uy\/index.php\/wp-json\/wp\/v2\/posts\/4149\/revisions\/4151"}],"wp:featuredmedia":[{"embeddable":true,"href":"https:\/\/portaldeyoung.uy\/index.php\/wp-json\/wp\/v2\/media\/4150"}],"wp:attachment":[{"href":"https:\/\/portaldeyoung.uy\/index.php\/wp-json\/wp\/v2\/media?parent=4149"}],"wp:term":[{"taxonomy":"category","embeddable":true,"href":"https:\/\/portaldeyoung.uy\/index.php\/wp-json\/wp\/v2\/categories?post=4149"},{"taxonomy":"post_tag","embeddable":true,"href":"https:\/\/portaldeyoung.uy\/index.php\/wp-json\/wp\/v2\/tags?post=4149"}],"curies":[{"name":"wp","href":"https:\/\/api.w.org\/{rel}","templated":true}]}}