{"id":4145,"date":"2025-10-06T14:43:25","date_gmt":"2025-10-06T14:43:25","guid":{"rendered":"https:\/\/portaldeyoung.uy\/?p=4145"},"modified":"2025-10-07T11:21:15","modified_gmt":"2025-10-07T11:21:15","slug":"visita-del-director-de-descentralizacion-de-opp-a-nuestra-ciudad","status":"publish","type":"post","link":"https:\/\/portaldeyoung.uy\/index.php\/2025\/10\/06\/visita-del-director-de-descentralizacion-de-opp-a-nuestra-ciudad\/","title":{"rendered":"Visita del Director de Descentralizaci\u00f3n de OPP a nuestra ciudad"},"content":{"rendered":"\n<p>El director de Descentralizaci\u00f3n de la Oficina de Planeamiento y Presupuesto (OPP), Jos\u00e9 Manuel Arenas, visit\u00f3 la ciudad de Young junto al intendente de R\u00edo Negro, la alcaldesa, concejales y equipos t\u00e9cnicos.<\/p>\n\n\n\n<p>Durante la recorrida se visit\u00f3 el Parque Lineal de Young, obra financiada parcialmente con recursos de la OPP y pr\u00f3xima a inaugurarse.<\/p>\n\n\n\n<p>Arenas destac\u00f3 la importancia de mantener una presencia cercana en todo el pa\u00eds, acompa\u00f1ando las obras financiadas a trav\u00e9s de las transferencias que administra el organismo. \u201cNos parec\u00eda contradictorio que el \u00e1rea de descentralizaci\u00f3n estuviera centrada en Montevideo, por eso recorremos el territorio para acompa\u00f1ar las obras locales\u201d, se\u00f1al\u00f3.<\/p>\n\n\n\n<p>El jerarca inform\u00f3 adem\u00e1s que el pasado 30 de julio el Poder Ejecutivo alcanz\u00f3 un acuerdo hist\u00f3rico con los 19 intendentes del pa\u00eds para ampliar las transferencias econ\u00f3micas destinadas a la descentralizaci\u00f3n, medida que entrar\u00e1 en vigor el 1.\u00ba de enero de 2026.<\/p>\n\n\n\n<p>El acuerdo prev\u00e9 un incremento del 5% del Fondo de Desarrollo del Interior, equivalente a 50 millones de d\u00f3lares, y la creaci\u00f3n del Fondo de Inversiones Estrat\u00e9gicas, por 80 millones de d\u00f3lares, que permitir\u00e1 financiar nuevas obras en todo el territorio nacional.<\/p>\n\n\n\n<p>\u201cEst\u00e1 todo dado para que, con intendentes, municipios y el Gobierno Nacional, trabajemos juntos en m\u00e1s obras y mejores servicios en todo el pa\u00eds\u201d, concluy\u00f3 Arenas.<\/p>\n","protected":false},"excerpt":{"rendered":"<p>El director de Descentralizaci\u00f3n de la Oficina de Planeamiento y Presupuesto (OPP), Jos\u00e9 Manuel Arenas, visit\u00f3 la ciudad de Young junto al intendente de R\u00edo<\/p>\n","protected":false},"author":1,"featured_media":4146,"comment_status":"open","ping_status":"open","sticky":false,"template":"","format":"standard","meta":{"advgb_blocks_editor_width":"","advgb_blocks_columns_visual_guide":"","footnotes":"","jetpack_publicize_message":"","jetpack_publicize_feature_enabled":true,"jetpack_social_post_already_shared":true,"jetpack_social_options":{"image_generator_settings":{"template":"highway","default_image_id":0,"font":"","enabled":false},"version":2}},"categories":[4],"tags":[],"class_list":["post-4145","post","type-post","status-publish","format-standard","has-post-thumbnail","hentry","category-de-aca"],"author_meta":{"display_name":"Portal","author_link":"https:\/\/portaldeyoung.uy\/index.php\/author\/admin_port\/"},"featured_img":"https:\/\/portaldeyoung.uy\/wp-content\/uploads\/2025\/10\/OPP-300x169.jpg","jetpack_publicize_connections":[],"coauthors":[],"tax_additional":{"categories":{"linked":["<a href=\"https:\/\/portaldeyoung.uy\/index.php\/category\/de-aca\/\" class=\"advgb-post-tax-term\">De ac\u00e1<\/a>"],"unlinked":["<span class=\"advgb-post-tax-term\">De ac\u00e1<\/span>"]}},"comment_count":"0","relative_dates":{"created":"Publicado 7 meses hace","modified":"Actualizado 7 meses hace"},"absolute_dates":{"created":"Publicado el octubre 6, 2025","modified":"Actualizado el octubre 7, 2025"},"absolute_dates_time":{"created":"Publicado el octubre 6, 2025 2:43 pm","modified":"Actualizado el octubre 7, 2025 11:21 am"},"featured_img_caption":"","series_order":"","_links":{"self":[{"href":"https:\/\/portaldeyoung.uy\/index.php\/wp-json\/wp\/v2\/posts\/4145","targetHints":{"allow":["GET"]}}],"collection":[{"href":"https:\/\/portaldeyoung.uy\/index.php\/wp-json\/wp\/v2\/posts"}],"about":[{"href":"https:\/\/portaldeyoung.uy\/index.php\/wp-json\/wp\/v2\/types\/post"}],"author":[{"embeddable":true,"href":"https:\/\/portaldeyoung.uy\/index.php\/wp-json\/wp\/v2\/users\/1"}],"replies":[{"embeddable":true,"href":"https:\/\/portaldeyoung.uy\/index.php\/wp-json\/wp\/v2\/comments?post=4145"}],"version-history":[{"count":1,"href":"https:\/\/portaldeyoung.uy\/index.php\/wp-json\/wp\/v2\/posts\/4145\/revisions"}],"predecessor-version":[{"id":4147,"href":"https:\/\/portaldeyoung.uy\/index.php\/wp-json\/wp\/v2\/posts\/4145\/revisions\/4147"}],"wp:featuredmedia":[{"embeddable":true,"href":"https:\/\/portaldeyoung.uy\/index.php\/wp-json\/wp\/v2\/media\/4146"}],"wp:attachment":[{"href":"https:\/\/portaldeyoung.uy\/index.php\/wp-json\/wp\/v2\/media?parent=4145"}],"wp:term":[{"taxonomy":"category","embeddable":true,"href":"https:\/\/portaldeyoung.uy\/index.php\/wp-json\/wp\/v2\/categories?post=4145"},{"taxonomy":"post_tag","embeddable":true,"href":"https:\/\/portaldeyoung.uy\/index.php\/wp-json\/wp\/v2\/tags?post=4145"}],"curies":[{"name":"wp","href":"https:\/\/api.w.org\/{rel}","templated":true}]}}