{"id":4094,"date":"2025-10-02T21:24:09","date_gmt":"2025-10-02T21:24:09","guid":{"rendered":"https:\/\/portaldeyoung.uy\/?p=4094"},"modified":"2025-10-06T14:44:27","modified_gmt":"2025-10-06T14:44:27","slug":"comision-de-patrimonio-de-young-presenta-investigacion-sobre-los-asentamientos-en-puntas-de-gutierrez","status":"publish","type":"post","link":"https:\/\/portaldeyoung.uy\/index.php\/2025\/10\/02\/comision-de-patrimonio-de-young-presenta-investigacion-sobre-los-asentamientos-en-puntas-de-gutierrez\/","title":{"rendered":"Comisi\u00f3n de Patrimonio de Young presenta investigaci\u00f3n sobre los asentamientos en \u00abPuntas de Guti\u00e9rrez\u00bb"},"content":{"rendered":"\n<p>En el marco de las celebraciones por el Bicentenario 1825-2025, la Comisi\u00f3n de Patrimonio de Young ha desarrollado una investigaci\u00f3n sobre la historia de las tierras donde hoy se asienta la ciudad. El trabajo aborda qu\u00e9 exist\u00eda en el territorio en aquel a\u00f1o, destacando la instalaci\u00f3n de las primeras estancias, como la de Mart\u00ednez de Haedo, y el car\u00e1cter exclusivamente ganadero de los establecimientos de la \u00e9poca.<\/p>\n\n\n\n<p>Como parte de esta propuesta, el pr\u00f3ximo s\u00e1bado 4 de octubre, desde las 18:30 horas en la Casa de Cultura, se presentar\u00e1 un audiovisual  que servir\u00e1 como introducci\u00f3n a la charla titulada <em>\u201cLas tierras cercanas al Paraje Puntas de Guti\u00e9rrez\u201d<\/em>.<\/p>\n\n\n\n<p>Por otra parte, se hab\u00eda previsto que el domingo 5 de octubre participara el Dr. Enrique Bianchi, investigador de la historia del ferrocarril en Uruguay. Sin embargo, por motivos personales no podr\u00e1 concurrir en esta oportunidad. Desde la Comisi\u00f3n de Patrimonio se inform\u00f3 que la charla sobre los primeros establecimientos rurales de la zona ser\u00e1 reiterada el domingo desde la hora, para que los vecinos quieran compartirla.<\/p>\n\n\n\n<p>Cabe recordar que a nivel nacional, bajo la consigna <em>\u201cBicentenario en todos los pagos\u201d<\/em>, se celebra este a\u00f1o el D\u00eda del Patrimonio, en homenaje a los 200 a\u00f1os de la gesta independentista y de la organizaci\u00f3n del territorio oriental.<\/p>\n\n\n\n<p><em>*Imagen ilustrativa<\/em><\/p>\n\n\n\n<figure class=\"wp-block-image size-large\"><img loading=\"lazy\" decoding=\"async\" width=\"819\" height=\"1024\" src=\"https:\/\/portaldeyoung.uy\/wp-content\/uploads\/2025\/10\/Bicentenario-Young-819x1024.jpg\" alt=\"\" class=\"wp-image-4095\" srcset=\"https:\/\/portaldeyoung.uy\/wp-content\/uploads\/2025\/10\/Bicentenario-Young-819x1024.jpg 819w, https:\/\/portaldeyoung.uy\/wp-content\/uploads\/2025\/10\/Bicentenario-Young-240x300.jpg 240w, https:\/\/portaldeyoung.uy\/wp-content\/uploads\/2025\/10\/Bicentenario-Young-768x960.jpg 768w, https:\/\/portaldeyoung.uy\/wp-content\/uploads\/2025\/10\/Bicentenario-Young.jpg 1080w\" sizes=\"auto, (max-width: 819px) 100vw, 819px\" \/><\/figure>\n","protected":false},"excerpt":{"rendered":"<p>En el marco de las celebraciones por el Bicentenario 1825-2025, la Comisi\u00f3n de Patrimonio de Young ha desarrollado una investigaci\u00f3n sobre la historia de las<\/p>\n","protected":false},"author":1,"featured_media":4096,"comment_status":"open","ping_status":"open","sticky":false,"template":"","format":"standard","meta":{"advgb_blocks_editor_width":"","advgb_blocks_columns_visual_guide":"","footnotes":"","jetpack_publicize_message":"En el marco de las celebraciones por el Bicentenario 1825-2025, la Comisi\u00f3n de Patrimonio de Young ha desarrollado una investigaci\u00f3n sobre la ...","jetpack_publicize_feature_enabled":false,"jetpack_social_post_already_shared":false,"jetpack_social_options":{"image_generator_settings":{"template":"highway","default_image_id":0,"font":"","enabled":false},"version":2}},"categories":[4],"tags":[],"class_list":["post-4094","post","type-post","status-publish","format-standard","has-post-thumbnail","hentry","category-de-aca"],"author_meta":{"display_name":"Portal","author_link":"https:\/\/portaldeyoung.uy\/index.php\/author\/admin_port\/"},"featured_img":"https:\/\/portaldeyoung.uy\/wp-content\/uploads\/2025\/10\/ganaderia-principios-siglo-XX.jpeg","jetpack_publicize_connections":[],"coauthors":[],"tax_additional":{"categories":{"linked":["<a href=\"https:\/\/portaldeyoung.uy\/index.php\/category\/de-aca\/\" class=\"advgb-post-tax-term\">De ac\u00e1<\/a>"],"unlinked":["<span class=\"advgb-post-tax-term\">De ac\u00e1<\/span>"]}},"comment_count":"0","relative_dates":{"created":"Publicado 7 meses hace","modified":"Actualizado 7 meses hace"},"absolute_dates":{"created":"Publicado el octubre 2, 2025","modified":"Actualizado el octubre 6, 2025"},"absolute_dates_time":{"created":"Publicado el octubre 2, 2025 9:24 pm","modified":"Actualizado el octubre 6, 2025 2:44 pm"},"featured_img_caption":"","series_order":"","_links":{"self":[{"href":"https:\/\/portaldeyoung.uy\/index.php\/wp-json\/wp\/v2\/posts\/4094","targetHints":{"allow":["GET"]}}],"collection":[{"href":"https:\/\/portaldeyoung.uy\/index.php\/wp-json\/wp\/v2\/posts"}],"about":[{"href":"https:\/\/portaldeyoung.uy\/index.php\/wp-json\/wp\/v2\/types\/post"}],"author":[{"embeddable":true,"href":"https:\/\/portaldeyoung.uy\/index.php\/wp-json\/wp\/v2\/users\/1"}],"replies":[{"embeddable":true,"href":"https:\/\/portaldeyoung.uy\/index.php\/wp-json\/wp\/v2\/comments?post=4094"}],"version-history":[{"count":1,"href":"https:\/\/portaldeyoung.uy\/index.php\/wp-json\/wp\/v2\/posts\/4094\/revisions"}],"predecessor-version":[{"id":4097,"href":"https:\/\/portaldeyoung.uy\/index.php\/wp-json\/wp\/v2\/posts\/4094\/revisions\/4097"}],"wp:featuredmedia":[{"embeddable":true,"href":"https:\/\/portaldeyoung.uy\/index.php\/wp-json\/wp\/v2\/media\/4096"}],"wp:attachment":[{"href":"https:\/\/portaldeyoung.uy\/index.php\/wp-json\/wp\/v2\/media?parent=4094"}],"wp:term":[{"taxonomy":"category","embeddable":true,"href":"https:\/\/portaldeyoung.uy\/index.php\/wp-json\/wp\/v2\/categories?post=4094"},{"taxonomy":"post_tag","embeddable":true,"href":"https:\/\/portaldeyoung.uy\/index.php\/wp-json\/wp\/v2\/tags?post=4094"}],"curies":[{"name":"wp","href":"https:\/\/api.w.org\/{rel}","templated":true}]}}