{"id":4087,"date":"2025-10-02T20:59:54","date_gmt":"2025-10-02T20:59:54","guid":{"rendered":"https:\/\/portaldeyoung.uy\/?p=4087"},"modified":"2025-10-02T21:00:31","modified_gmt":"2025-10-02T21:00:31","slug":"grecco-vuelve-a-ser-noticia-denuncia-por-lesiones","status":"publish","type":"post","link":"https:\/\/portaldeyoung.uy\/index.php\/2025\/10\/02\/grecco-vuelve-a-ser-noticia-denuncia-por-lesiones\/","title":{"rendered":"Grecco vuelve a ser noticia: Denuncia por lesiones"},"content":{"rendered":"\n<p>Un vecino de Pueblo Grecco radic\u00f3 una denuncia por lesiones en la Seccional D\u00e9cima, luego de haber sido v\u00edctima de una agresi\u00f3n en el complejo comunal de la localidad.<\/p>\n\n\n\n<p>Seg\u00fan su declaraci\u00f3n, se encontraba acompa\u00f1ado cuando, sin previo aviso, un hombre mayor de edad se le acerc\u00f3 y lo agredi\u00f3 f\u00edsicamente, propin\u00e1ndole un golpe en la cabeza que lo hizo caer al suelo. Posteriormente, el agresor continu\u00f3 golpe\u00e1ndolo hasta dejarlo inconsciente.<\/p>\n\n\n\n<p>La v\u00edctima fue trasladada a un centro asistencial para recibir atenci\u00f3n m\u00e9dica y ser valorada por profesionales de la salud.<\/p>\n\n\n\n<p>De los hechos fue enterada la sede de Fiscal\u00eda, que continuar\u00e1 con las actuaciones correspondientes.<\/p>\n","protected":false},"excerpt":{"rendered":"<p>Un vecino de Pueblo Grecco radic\u00f3 una denuncia por lesiones en la Seccional D\u00e9cima, luego de haber sido v\u00edctima de una agresi\u00f3n en el complejo<\/p>\n","protected":false},"author":1,"featured_media":1890,"comment_status":"open","ping_status":"open","sticky":false,"template":"","format":"standard","meta":{"advgb_blocks_editor_width":"","advgb_blocks_columns_visual_guide":"","footnotes":"","jetpack_publicize_message":"Un vecino de Pueblo Grecco radic\u00f3 una denuncia por lesiones en la Seccional D\u00e9cima, luego de haber sido v\u00edctima de ...","jetpack_publicize_feature_enabled":false,"jetpack_social_post_already_shared":false,"jetpack_social_options":{"image_generator_settings":{"template":"highway","default_image_id":0,"font":"","enabled":false},"version":2}},"categories":[6],"tags":[],"class_list":["post-4087","post","type-post","status-publish","format-standard","has-post-thumbnail","hentry","category-del-departamento"],"author_meta":{"display_name":"Portal","author_link":"https:\/\/portaldeyoung.uy\/index.php\/author\/admin_port\/"},"featured_img":"https:\/\/portaldeyoung.uy\/wp-content\/uploads\/2025\/07\/policia-rural-300x169.jpg","jetpack_publicize_connections":[],"coauthors":[],"tax_additional":{"categories":{"linked":["<a href=\"https:\/\/portaldeyoung.uy\/index.php\/category\/del-departamento\/\" class=\"advgb-post-tax-term\">Del departamento<\/a>"],"unlinked":["<span class=\"advgb-post-tax-term\">Del departamento<\/span>"]}},"comment_count":"0","relative_dates":{"created":"Publicado 7 meses hace","modified":"Actualizado 7 meses hace"},"absolute_dates":{"created":"Publicado el octubre 2, 2025","modified":"Actualizado el octubre 2, 2025"},"absolute_dates_time":{"created":"Publicado el octubre 2, 2025 8:59 pm","modified":"Actualizado el octubre 2, 2025 9:00 pm"},"featured_img_caption":"","series_order":"","_links":{"self":[{"href":"https:\/\/portaldeyoung.uy\/index.php\/wp-json\/wp\/v2\/posts\/4087","targetHints":{"allow":["GET"]}}],"collection":[{"href":"https:\/\/portaldeyoung.uy\/index.php\/wp-json\/wp\/v2\/posts"}],"about":[{"href":"https:\/\/portaldeyoung.uy\/index.php\/wp-json\/wp\/v2\/types\/post"}],"author":[{"embeddable":true,"href":"https:\/\/portaldeyoung.uy\/index.php\/wp-json\/wp\/v2\/users\/1"}],"replies":[{"embeddable":true,"href":"https:\/\/portaldeyoung.uy\/index.php\/wp-json\/wp\/v2\/comments?post=4087"}],"version-history":[{"count":1,"href":"https:\/\/portaldeyoung.uy\/index.php\/wp-json\/wp\/v2\/posts\/4087\/revisions"}],"predecessor-version":[{"id":4088,"href":"https:\/\/portaldeyoung.uy\/index.php\/wp-json\/wp\/v2\/posts\/4087\/revisions\/4088"}],"wp:featuredmedia":[{"embeddable":true,"href":"https:\/\/portaldeyoung.uy\/index.php\/wp-json\/wp\/v2\/media\/1890"}],"wp:attachment":[{"href":"https:\/\/portaldeyoung.uy\/index.php\/wp-json\/wp\/v2\/media?parent=4087"}],"wp:term":[{"taxonomy":"category","embeddable":true,"href":"https:\/\/portaldeyoung.uy\/index.php\/wp-json\/wp\/v2\/categories?post=4087"},{"taxonomy":"post_tag","embeddable":true,"href":"https:\/\/portaldeyoung.uy\/index.php\/wp-json\/wp\/v2\/tags?post=4087"}],"curies":[{"name":"wp","href":"https:\/\/api.w.org\/{rel}","templated":true}]}}