{"id":4081,"date":"2025-10-02T19:04:33","date_gmt":"2025-10-02T19:04:33","guid":{"rendered":"https:\/\/portaldeyoung.uy\/?p=4081"},"modified":"2025-10-02T19:06:10","modified_gmt":"2025-10-02T19:06:10","slug":"nuevo-incidente-de-mal-olor-en-la-capital-de-nuestro-departamento","status":"publish","type":"post","link":"https:\/\/portaldeyoung.uy\/index.php\/2025\/10\/02\/nuevo-incidente-de-mal-olor-en-la-capital-de-nuestro-departamento\/","title":{"rendered":"Nuevo incidente de mal olor en la capital de nuestro departamento"},"content":{"rendered":"\n<p>En la noche de este 1o de octubre se registr\u00f3 un episodio de olor en Fray Bentos algo que fue alertado por la poblaci\u00f3n. En tal sentido la intendencia de R\u00edo Negro emiti\u00f3 un comunicado donde remarc\u00f3 que \u00abse realiza un monitoreo constante de la situaci\u00f3n, en coordinaci\u00f3n con las autoridades competentes, para asegurar la tranquilidad de la ciudadan\u00eda y el cuidado del ambiente\u00bb.<\/p>\n\n\n\n<p>El comunicado:<\/p>\n\n\n\n<p>Fray Bentos, 2 de octubre de 2025<\/p>\n\n\n\n<p>Ante consultas por olores percibidos en la ciudad, la Intendencia de Rio Negro informa que se encuentra en contacto permanente con la empresa UPM, con el Ministerio de Ambiente y con la Direcci\u00f3n Nacional de Calidad y Evaluaci\u00f3n Ambiental (DINACEA).<\/p>\n\n\n\n<p>Desde la Direcci\u00f3n de Ambiente, encabezada por la directora Pilar Quijano, se realiza un monitoreo constante de la situaci\u00f3n, en coordinaci\u00f3n con las autoridades competentes, para asegurar la tranquilidad de la ciudadan\u00eda y el cuidado del ambiente.<\/p>\n\n\n\n<p>La Intendencia reafirma su compromiso de trabajar con transparencia, velando por la salud de la poblaci\u00f3n y manteniendo informada a la comunidad ante cualquier episodio que pueda generar preocupaci\u00f3n.<\/p>\n\n\n\n<p><em>Arq Guillermo Levratto Intendente de Rio Negro<\/em><\/p>\n","protected":false},"excerpt":{"rendered":"<p>En la noche de este 1o de octubre se registr\u00f3 un episodio de olor en Fray Bentos algo que fue alertado por la poblaci\u00f3n. En<\/p>\n","protected":false},"author":1,"featured_media":4082,"comment_status":"open","ping_status":"open","sticky":false,"template":"","format":"standard","meta":{"advgb_blocks_editor_width":"","advgb_blocks_columns_visual_guide":"","footnotes":"","jetpack_publicize_message":"En la noche de este 1o de octubre se registr\u00f3 un episodio de olor en Fray Bentos algo que fue alertado por la poblaci\u00f3n. En tal sentido la intendencia de R\u00edo Negro emiti\u00f3 un comunicado donde ...","jetpack_publicize_feature_enabled":false,"jetpack_social_post_already_shared":false,"jetpack_social_options":{"image_generator_settings":{"template":"highway","default_image_id":0,"font":"","enabled":false},"version":2}},"categories":[6],"tags":[],"class_list":["post-4081","post","type-post","status-publish","format-standard","has-post-thumbnail","hentry","category-del-departamento"],"author_meta":{"display_name":"Portal","author_link":"https:\/\/portaldeyoung.uy\/index.php\/author\/admin_port\/"},"featured_img":"https:\/\/portaldeyoung.uy\/wp-content\/uploads\/2025\/10\/Fray-Bentos-300x150.jpg","jetpack_publicize_connections":[],"coauthors":[],"tax_additional":{"categories":{"linked":["<a href=\"https:\/\/portaldeyoung.uy\/index.php\/category\/del-departamento\/\" class=\"advgb-post-tax-term\">Del departamento<\/a>"],"unlinked":["<span class=\"advgb-post-tax-term\">Del departamento<\/span>"]}},"comment_count":"0","relative_dates":{"created":"Publicado 7 meses hace","modified":"Actualizado 7 meses hace"},"absolute_dates":{"created":"Publicado el octubre 2, 2025","modified":"Actualizado el octubre 2, 2025"},"absolute_dates_time":{"created":"Publicado el octubre 2, 2025 7:04 pm","modified":"Actualizado el octubre 2, 2025 7:06 pm"},"featured_img_caption":"","series_order":"","_links":{"self":[{"href":"https:\/\/portaldeyoung.uy\/index.php\/wp-json\/wp\/v2\/posts\/4081","targetHints":{"allow":["GET"]}}],"collection":[{"href":"https:\/\/portaldeyoung.uy\/index.php\/wp-json\/wp\/v2\/posts"}],"about":[{"href":"https:\/\/portaldeyoung.uy\/index.php\/wp-json\/wp\/v2\/types\/post"}],"author":[{"embeddable":true,"href":"https:\/\/portaldeyoung.uy\/index.php\/wp-json\/wp\/v2\/users\/1"}],"replies":[{"embeddable":true,"href":"https:\/\/portaldeyoung.uy\/index.php\/wp-json\/wp\/v2\/comments?post=4081"}],"version-history":[{"count":1,"href":"https:\/\/portaldeyoung.uy\/index.php\/wp-json\/wp\/v2\/posts\/4081\/revisions"}],"predecessor-version":[{"id":4083,"href":"https:\/\/portaldeyoung.uy\/index.php\/wp-json\/wp\/v2\/posts\/4081\/revisions\/4083"}],"wp:featuredmedia":[{"embeddable":true,"href":"https:\/\/portaldeyoung.uy\/index.php\/wp-json\/wp\/v2\/media\/4082"}],"wp:attachment":[{"href":"https:\/\/portaldeyoung.uy\/index.php\/wp-json\/wp\/v2\/media?parent=4081"}],"wp:term":[{"taxonomy":"category","embeddable":true,"href":"https:\/\/portaldeyoung.uy\/index.php\/wp-json\/wp\/v2\/categories?post=4081"},{"taxonomy":"post_tag","embeddable":true,"href":"https:\/\/portaldeyoung.uy\/index.php\/wp-json\/wp\/v2\/tags?post=4081"}],"curies":[{"name":"wp","href":"https:\/\/api.w.org\/{rel}","templated":true}]}}