{"id":4078,"date":"2025-10-02T18:54:40","date_gmt":"2025-10-02T18:54:40","guid":{"rendered":"https:\/\/portaldeyoung.uy\/?p=4078"},"modified":"2025-10-02T18:55:43","modified_gmt":"2025-10-02T18:55:43","slug":"fray-bentos-joven-reportada-como-ausente-fue-localizada-y-trasladada-a-un-centro-asistencial","status":"publish","type":"post","link":"https:\/\/portaldeyoung.uy\/index.php\/2025\/10\/02\/fray-bentos-joven-reportada-como-ausente-fue-localizada-y-trasladada-a-un-centro-asistencial\/","title":{"rendered":"Fray Bentos: joven reportada como ausente fue localizada y trasladada a un centro asistencial"},"content":{"rendered":"\n<p>Sobre las 23:05 horas de este mi\u00e9rcoles, fuentes policiales confirmaron al portal <em>R\u00edo Negro Ahora<\/em> que la joven Valentina S\u00e1nchez, quien era buscada intensamente en Fray Bentos, fue encontrada y derivada a un centro asistencial para ser evaluada y someterse a los correspondientes chequeos m\u00e9dicos.<\/p>\n\n\n\n<p>La desaparici\u00f3n de la joven hab\u00eda generado gran preocupaci\u00f3n en su familia, que dio aviso inmediato a la Polic\u00eda. A partir de all\u00ed, se despleg\u00f3 un operativo de b\u00fasqueda en distintos puntos de la ciudad, en el que tambi\u00e9n particip\u00f3 Prefectura Nacional Naval.<\/p>\n\n\n\n<p>Finalmente, cerca de las 22:50 horas, la Polic\u00eda logr\u00f3 dar con su paradero, lo que permiti\u00f3 dar por finalizado el operativo.<\/p>\n\n\n\n<p>En un primer momento, nuestro medio hab\u00eda informado sobre su ausencia, aunque tras confirmarse su aparici\u00f3n se opt\u00f3 por retirar la publicaci\u00f3n inicial.<\/p>\n","protected":false},"excerpt":{"rendered":"<p>Sobre las 23:05 horas de este mi\u00e9rcoles, fuentes policiales confirmaron al portal R\u00edo Negro Ahora que la joven Valentina S\u00e1nchez, quien era buscada intensamente en<\/p>\n","protected":false},"author":1,"featured_media":607,"comment_status":"open","ping_status":"open","sticky":false,"template":"","format":"standard","meta":{"advgb_blocks_editor_width":"","advgb_blocks_columns_visual_guide":"","footnotes":"","jetpack_publicize_message":"Sobre las 23:05 horas de ayer se confirm\u00f3 que la joven Valentina S\u00e1nchez, quien era buscada intensamente en Fray Bentos, fue ...","jetpack_publicize_feature_enabled":false,"jetpack_social_post_already_shared":false,"jetpack_social_options":{"image_generator_settings":{"template":"highway","default_image_id":0,"font":"","enabled":false},"version":2}},"categories":[6],"tags":[],"class_list":["post-4078","post","type-post","status-publish","format-standard","has-post-thumbnail","hentry","category-del-departamento"],"author_meta":{"display_name":"Portal","author_link":"https:\/\/portaldeyoung.uy\/index.php\/author\/admin_port\/"},"featured_img":"https:\/\/portaldeyoung.uy\/wp-content\/uploads\/2025\/06\/POLICIA-2-300x150.jpg","jetpack_publicize_connections":[],"coauthors":[],"tax_additional":{"categories":{"linked":["<a href=\"https:\/\/portaldeyoung.uy\/index.php\/category\/del-departamento\/\" class=\"advgb-post-tax-term\">Del departamento<\/a>"],"unlinked":["<span class=\"advgb-post-tax-term\">Del departamento<\/span>"]}},"comment_count":"0","relative_dates":{"created":"Publicado 7 meses hace","modified":"Actualizado 7 meses hace"},"absolute_dates":{"created":"Publicado el octubre 2, 2025","modified":"Actualizado el octubre 2, 2025"},"absolute_dates_time":{"created":"Publicado el octubre 2, 2025 6:54 pm","modified":"Actualizado el octubre 2, 2025 6:55 pm"},"featured_img_caption":"","series_order":"","_links":{"self":[{"href":"https:\/\/portaldeyoung.uy\/index.php\/wp-json\/wp\/v2\/posts\/4078","targetHints":{"allow":["GET"]}}],"collection":[{"href":"https:\/\/portaldeyoung.uy\/index.php\/wp-json\/wp\/v2\/posts"}],"about":[{"href":"https:\/\/portaldeyoung.uy\/index.php\/wp-json\/wp\/v2\/types\/post"}],"author":[{"embeddable":true,"href":"https:\/\/portaldeyoung.uy\/index.php\/wp-json\/wp\/v2\/users\/1"}],"replies":[{"embeddable":true,"href":"https:\/\/portaldeyoung.uy\/index.php\/wp-json\/wp\/v2\/comments?post=4078"}],"version-history":[{"count":1,"href":"https:\/\/portaldeyoung.uy\/index.php\/wp-json\/wp\/v2\/posts\/4078\/revisions"}],"predecessor-version":[{"id":4079,"href":"https:\/\/portaldeyoung.uy\/index.php\/wp-json\/wp\/v2\/posts\/4078\/revisions\/4079"}],"wp:featuredmedia":[{"embeddable":true,"href":"https:\/\/portaldeyoung.uy\/index.php\/wp-json\/wp\/v2\/media\/607"}],"wp:attachment":[{"href":"https:\/\/portaldeyoung.uy\/index.php\/wp-json\/wp\/v2\/media?parent=4078"}],"wp:term":[{"taxonomy":"category","embeddable":true,"href":"https:\/\/portaldeyoung.uy\/index.php\/wp-json\/wp\/v2\/categories?post=4078"},{"taxonomy":"post_tag","embeddable":true,"href":"https:\/\/portaldeyoung.uy\/index.php\/wp-json\/wp\/v2\/tags?post=4078"}],"curies":[{"name":"wp","href":"https:\/\/api.w.org\/{rel}","templated":true}]}}