{"id":4066,"date":"2025-10-02T18:41:52","date_gmt":"2025-10-02T18:41:52","guid":{"rendered":"https:\/\/portaldeyoung.uy\/?p=4066"},"modified":"2025-10-02T18:42:40","modified_gmt":"2025-10-02T18:42:40","slug":"dos-personas-fueron-detenidas-por-el-atentado-contra-la-fiscal-de-corte-monica-ferrero","status":"publish","type":"post","link":"https:\/\/portaldeyoung.uy\/index.php\/2025\/10\/02\/dos-personas-fueron-detenidas-por-el-atentado-contra-la-fiscal-de-corte-monica-ferrero\/","title":{"rendered":"Dos personas fueron detenidas por el atentado contra la fiscal de Corte, M\u00f3nica Ferrero"},"content":{"rendered":"\n<h3 class=\"wp-block-heading\">La fiscal Angelita Romano les tomar\u00e1 declaraci\u00f3n y el viernes ser\u00e1 la audiencia de formalizaci\u00f3n.<\/h3>\n\n\n\n<p>Dos personas fueron detenidas en la causa que investiga el atentado contra la fiscal de Corte, M\u00f3nica Ferrero, seg\u00fan inform\u00f3 radio Sarand\u00ed y confirm\u00f3 <em>la diaria<\/em> con fuentes de Fiscal\u00eda. Los detenidos son dos hermanos, uno de ellos de 50 a\u00f1os, que declarar\u00e1n ante la fiscal Angelita Romano en las pr\u00f3ximas horas. Seg\u00fan inform\u00f3 el director de Comunicaci\u00f3n de la Fiscal\u00eda, Javier Benech, hoy se realizar\u00e1, en el juzgado de Crimen Organizado de segundo turno, el control de la legalidad de la detenci\u00f3n, y el viernes la fiscal\u00eda pedir\u00e1 su imputaci\u00f3n.<\/p>\n\n\n\n<p>Adem\u00e1s, hay otra persona detenida, un joven de 21 a\u00f1os que ser\u00e1 indagado por posibles v\u00ednculos con el atentado, pero que fue detenido en el marco de otra investigaci\u00f3n. La fiscal\u00eda indaga las conexiones entre los detenidos y la organizaci\u00f3n criminal liderada por Sebasti\u00e1n Marset.<\/p>\n\n\n\n<p>La Polic\u00eda maneja como principal hip\u00f3tesis que el atentado est\u00e9 vinculado a la incautaci\u00f3n, en agosto, de 2.200 kilos de coca\u00edna en Punta Espinillo, cuyo valor en el mercado alcanzar\u00eda los 60 millones de d\u00f3lares y por la que fueron imputadas cinco personas. La Polic\u00eda maneja que ese cargamento estar\u00eda vinculado a los Fern\u00e1ndez Alb\u00edn, signados como el nexo local con la organizaci\u00f3n criminal liderada por Sebasti\u00e1n Marset.<\/p>\n\n\n\n<p>Este martes, un hombre de 55 a\u00f1os fue imputado por haber participado en el apoyo log\u00edstico del ataque conduciendo un auto Volkswagen Bora negro.<\/p>\n\n\n\n<p>Los atacantes llegaron sobre las 5.00 del domingo a la casa de Ferrero en una camioneta blanca que posteriormente fue encontrada incendiada en la rambla costanera del arroyo Miguelete, en la zona del Cementerio del Norte. La Polic\u00eda maneja que tres personas participaron en el ataque a Ferrero: el chofer y dos acompa\u00f1antes, quienes ingresaron a la finca utilizando un tabl\u00f3n.<\/p>\n\n\n\n<p>En el patio de la fiscal Ferrero efectuaron dos disparos contra la ventana de la cocina y tiraron una granada, cuyo origen est\u00e1 siendo investigado por el Servicio de Armamento del Ej\u00e9rcito. Tambi\u00e9n se encontr\u00f3 en la escena una colilla de cigarrillo que est\u00e1 siendo periciada.<\/p>\n\n\n\n<p>Fuentes vinculadas al caso dijeron a <em>la diaria<\/em> que el ataque llev\u00f3 semanas de observaci\u00f3n y seguimiento a la fiscal de Corte, y que incluso se estima que hubo personas vigilando la casa de Ferrero desde los techos de las casas linderas para analizar los movimientos.<\/p>\n\n\n\n<p><em>*La Diaria<\/em><\/p>\n","protected":false},"excerpt":{"rendered":"<p>La fiscal Angelita Romano les tomar\u00e1 declaraci\u00f3n y el viernes ser\u00e1 la audiencia de formalizaci\u00f3n. Dos personas fueron detenidas en la causa que investiga el<\/p>\n","protected":false},"author":1,"featured_media":4067,"comment_status":"open","ping_status":"open","sticky":false,"template":"","format":"standard","meta":{"advgb_blocks_editor_width":"","advgb_blocks_columns_visual_guide":"","footnotes":"","jetpack_publicize_message":"Dos personas fueron detenidas en la causa que investiga el atentado contra la fiscal de Corte, M\u00f3nica Ferrero, seg\u00fan inform\u00f3 radio Sarand\u00ed y ...","jetpack_publicize_feature_enabled":false,"jetpack_social_post_already_shared":false,"jetpack_social_options":{"image_generator_settings":{"template":"highway","default_image_id":0,"font":"","enabled":false},"version":2}},"categories":[7],"tags":[],"class_list":["post-4066","post","type-post","status-publish","format-standard","has-post-thumbnail","hentry","category-del-pais"],"author_meta":{"display_name":"Portal","author_link":"https:\/\/portaldeyoung.uy\/index.php\/author\/admin_port\/"},"featured_img":"https:\/\/portaldeyoung.uy\/wp-content\/uploads\/2025\/10\/esposado-preso-300x169.jpg","jetpack_publicize_connections":[],"coauthors":[],"tax_additional":{"categories":{"linked":["<a href=\"https:\/\/portaldeyoung.uy\/index.php\/category\/del-pais\/\" class=\"advgb-post-tax-term\">Del pa\u00eds<\/a>"],"unlinked":["<span class=\"advgb-post-tax-term\">Del pa\u00eds<\/span>"]}},"comment_count":"0","relative_dates":{"created":"Publicado 7 meses hace","modified":"Actualizado 7 meses hace"},"absolute_dates":{"created":"Publicado el octubre 2, 2025","modified":"Actualizado el octubre 2, 2025"},"absolute_dates_time":{"created":"Publicado el octubre 2, 2025 6:41 pm","modified":"Actualizado el octubre 2, 2025 6:42 pm"},"featured_img_caption":"","series_order":"","_links":{"self":[{"href":"https:\/\/portaldeyoung.uy\/index.php\/wp-json\/wp\/v2\/posts\/4066","targetHints":{"allow":["GET"]}}],"collection":[{"href":"https:\/\/portaldeyoung.uy\/index.php\/wp-json\/wp\/v2\/posts"}],"about":[{"href":"https:\/\/portaldeyoung.uy\/index.php\/wp-json\/wp\/v2\/types\/post"}],"author":[{"embeddable":true,"href":"https:\/\/portaldeyoung.uy\/index.php\/wp-json\/wp\/v2\/users\/1"}],"replies":[{"embeddable":true,"href":"https:\/\/portaldeyoung.uy\/index.php\/wp-json\/wp\/v2\/comments?post=4066"}],"version-history":[{"count":1,"href":"https:\/\/portaldeyoung.uy\/index.php\/wp-json\/wp\/v2\/posts\/4066\/revisions"}],"predecessor-version":[{"id":4068,"href":"https:\/\/portaldeyoung.uy\/index.php\/wp-json\/wp\/v2\/posts\/4066\/revisions\/4068"}],"wp:featuredmedia":[{"embeddable":true,"href":"https:\/\/portaldeyoung.uy\/index.php\/wp-json\/wp\/v2\/media\/4067"}],"wp:attachment":[{"href":"https:\/\/portaldeyoung.uy\/index.php\/wp-json\/wp\/v2\/media?parent=4066"}],"wp:term":[{"taxonomy":"category","embeddable":true,"href":"https:\/\/portaldeyoung.uy\/index.php\/wp-json\/wp\/v2\/categories?post=4066"},{"taxonomy":"post_tag","embeddable":true,"href":"https:\/\/portaldeyoung.uy\/index.php\/wp-json\/wp\/v2\/tags?post=4066"}],"curies":[{"name":"wp","href":"https:\/\/api.w.org\/{rel}","templated":true}]}}