{"id":406,"date":"2025-06-13T09:33:22","date_gmt":"2025-06-13T09:33:22","guid":{"rendered":"https:\/\/portaldeyoung.uy\/?p=406"},"modified":"2025-06-13T09:33:27","modified_gmt":"2025-06-13T09:33:27","slug":"anep-habilito-buscador-para-consultar-beneficiarios-de-bono-economico-para-escolares","status":"publish","type":"post","link":"https:\/\/portaldeyoung.uy\/index.php\/2025\/06\/13\/anep-habilito-buscador-para-consultar-beneficiarios-de-bono-economico-para-escolares\/","title":{"rendered":"ANEP habilit\u00f3 buscador para consultar beneficiarios de bono econ\u00f3mico para escolares"},"content":{"rendered":"\n<p>El proyecto final del gobierno en este sentido es pagar este bono a todos los escolares a partir del pr\u00f3ximo comienzo de clases, en marzo del a\u00f1o que viene.<\/p>\n\n\n\n<p>La Administraci\u00f3n Nacional de Educaci\u00f3n P\u00fablica (<strong>ANEP<\/strong>) habilit\u00f3 en su web el buscador para consultar beneficiarios del <strong><a href=\"https:\/\/www.subrayado.com.uy\/bono-a19634\">bono<\/a><\/strong> de apoyo econ\u00f3mico para <strong>escolares<\/strong>.<\/p>\n\n\n\n<p>En la web <a href=\"https:\/\/bono.anep.edu.uy\/\" target=\"_blank\" rel=\"noreferrer noopener\">bono.anep.edu.uy<\/a> se coloca el n\u00famero de c\u00e9dula del ni\u00f1o o ni\u00f1a que concurra a escuela p\u00fablica, para conocer si est\u00e1 habilitado para recibir el beneficio.<\/p>\n\n\n\n<p>El bono es \u00abpara m\u00e1s de 100.000 ni\u00f1as y ni\u00f1os que asisten a escuelas p\u00fablicas\u00bb, indica la instituci\u00f3n.<\/p>\n\n\n\n<p>El presidente Yamand\u00fa Orsi confirm\u00f3 la semana pasada que \u201cunos 100.000 estudiantes\u201d recibir\u00e1n en julio el bono escolar con un monto de 2.500 pesos como forma de apoyo para que mantengan la asistencia a clases.<\/p>\n\n\n\n<p>El proyecto final del gobierno en este sentido es pagar este bono a todos los escolares a partir del pr\u00f3ximo comienzo de clases, en marzo del a\u00f1o que viene, y para eso se trabaja en la ley de Presupuesto Quinquenal.<\/p>\n\n\n\n<p><\/p>\n","protected":false},"excerpt":{"rendered":"<p>El proyecto final del gobierno en este sentido es pagar este bono a todos los escolares a partir del pr\u00f3ximo comienzo de clases, en marzo<\/p>\n","protected":false},"author":1,"featured_media":0,"comment_status":"open","ping_status":"open","sticky":false,"template":"","format":"standard","meta":{"advgb_blocks_editor_width":"","advgb_blocks_columns_visual_guide":"","footnotes":"","jetpack_publicize_message":"","jetpack_publicize_feature_enabled":true,"jetpack_social_post_already_shared":true,"jetpack_social_options":{"image_generator_settings":{"template":"highway","default_image_id":0,"font":"","enabled":false},"version":2}},"categories":[7],"tags":[],"class_list":["post-406","post","type-post","status-publish","format-standard","hentry","category-del-pais"],"author_meta":{"display_name":"Portal","author_link":"https:\/\/portaldeyoung.uy\/index.php\/author\/admin_port\/"},"featured_img":null,"jetpack_publicize_connections":[],"coauthors":[],"tax_additional":{"categories":{"linked":["<a href=\"https:\/\/portaldeyoung.uy\/index.php\/category\/del-pais\/\" class=\"advgb-post-tax-term\">Del pa\u00eds<\/a>"],"unlinked":["<span class=\"advgb-post-tax-term\">Del pa\u00eds<\/span>"]}},"comment_count":"0","relative_dates":{"created":"Publicado 11 meses hace","modified":"Actualizado 11 meses hace"},"absolute_dates":{"created":"Publicado el junio 13, 2025","modified":"Actualizado el junio 13, 2025"},"absolute_dates_time":{"created":"Publicado el junio 13, 2025 9:33 am","modified":"Actualizado el junio 13, 2025 9:33 am"},"featured_img_caption":"","series_order":"","_links":{"self":[{"href":"https:\/\/portaldeyoung.uy\/index.php\/wp-json\/wp\/v2\/posts\/406","targetHints":{"allow":["GET"]}}],"collection":[{"href":"https:\/\/portaldeyoung.uy\/index.php\/wp-json\/wp\/v2\/posts"}],"about":[{"href":"https:\/\/portaldeyoung.uy\/index.php\/wp-json\/wp\/v2\/types\/post"}],"author":[{"embeddable":true,"href":"https:\/\/portaldeyoung.uy\/index.php\/wp-json\/wp\/v2\/users\/1"}],"replies":[{"embeddable":true,"href":"https:\/\/portaldeyoung.uy\/index.php\/wp-json\/wp\/v2\/comments?post=406"}],"version-history":[{"count":1,"href":"https:\/\/portaldeyoung.uy\/index.php\/wp-json\/wp\/v2\/posts\/406\/revisions"}],"predecessor-version":[{"id":408,"href":"https:\/\/portaldeyoung.uy\/index.php\/wp-json\/wp\/v2\/posts\/406\/revisions\/408"}],"wp:attachment":[{"href":"https:\/\/portaldeyoung.uy\/index.php\/wp-json\/wp\/v2\/media?parent=406"}],"wp:term":[{"taxonomy":"category","embeddable":true,"href":"https:\/\/portaldeyoung.uy\/index.php\/wp-json\/wp\/v2\/categories?post=406"},{"taxonomy":"post_tag","embeddable":true,"href":"https:\/\/portaldeyoung.uy\/index.php\/wp-json\/wp\/v2\/tags?post=406"}],"curies":[{"name":"wp","href":"https:\/\/api.w.org\/{rel}","templated":true}]}}