{"id":4033,"date":"2025-10-01T17:47:55","date_gmt":"2025-10-01T17:47:55","guid":{"rendered":"https:\/\/portaldeyoung.uy\/?p=4033"},"modified":"2025-10-02T21:03:32","modified_gmt":"2025-10-02T21:03:32","slug":"presentaron-nuevo-sistema-para-residuos-voluminosos-mira-los-puntos-donde-estaran-las-volquetas","status":"publish","type":"post","link":"https:\/\/portaldeyoung.uy\/index.php\/2025\/10\/01\/presentaron-nuevo-sistema-para-residuos-voluminosos-mira-los-puntos-donde-estaran-las-volquetas\/","title":{"rendered":"Presentaron nuevo sistema para residuos voluminosos: mir\u00e1 los puntos donde estar\u00e1n las volquetas"},"content":{"rendered":"\n<p>Se realiz\u00f3 la presentaci\u00f3n del nuevo sistema de volquetas destinado a la disposici\u00f3n de residuos voluminosos en la ciudad de Young.<\/p>\n\n\n\n<p>La alcaldesa  Cecilia Rodr\u00edguez explic\u00f3 que la iniciativa tiene como objetivo <strong>promover una ciudad m\u00e1s limpia y ordenada<\/strong>, impulsando la responsabilidad ambiental y el compromiso de los vecinos.Tambi\u00e9n adelant\u00f3 la importancia de la clasificaci\u00f3n de residuos que dentro de muy poco tiempo se fortalecer\u00e1 junto a iniciativas de colectivos de la ciudad, preocupados por este problema.<\/p>\n\n\n\n<p>Por su parte, N\u00e9stor de los Santos, referente de Higiene en el \u00e1mbito local, detall\u00f3 que se instalar\u00e1n <strong>seis volquetas<\/strong> en diferentes puntos de la ciudad:<\/p>\n\n\n\n<ul class=\"wp-block-list\">\n<li>Mevir 4 \u2013 Sal\u00f3n Comunal<\/li>\n\n\n\n<li>Proyectada Batlle y Ord\u00f3\u00f1ez<\/li>\n\n\n\n<li>\u00d1apind\u00e1 con Br\u00edgido Marroni<\/li>\n\n\n\n<li>Asencio entre Montevideo y Rivera<\/li>\n\n\n\n<li>Jos\u00e9 Mar\u00eda Sosa y Hervidero<\/li>\n\n\n\n<li>Camino de Tropas pasando El Aljibe<\/li>\n<\/ul>\n\n\n\n<p>El funcionamiento ser\u00e1 el siguiente: los <strong>d\u00edas jueves se colocar\u00e1n las volquetas<\/strong> en los puntos establecidos, mientras que los <strong>lunes ser\u00e1n retiradas<\/strong> para su vaciado y posterior reinstalaci\u00f3n.<\/p>\n\n\n\n<p>Las autoridades destacaron que este sistema busca brindar a los vecinos una alternativa ordenada para la disposici\u00f3n de objetos y materiales de gran tama\u00f1o.<\/p>\n\n\n\n<figure class=\"wp-block-video\"><video controls src=\"https:\/\/portaldeyoung.uy\/wp-content\/uploads\/2025\/10\/video-volquetas-30-setiembre.mp4\"><\/video><\/figure>\n\n\n\n<hr class=\"wp-block-separator has-alpha-channel-opacity\"\/>\n","protected":false},"excerpt":{"rendered":"<p>Se realiz\u00f3 la presentaci\u00f3n del nuevo sistema de volquetas destinado a la disposici\u00f3n de residuos voluminosos en la ciudad de Young. La alcaldesa Cecilia Rodr\u00edguez<\/p>\n","protected":false},"author":1,"featured_media":4034,"comment_status":"open","ping_status":"open","sticky":false,"template":"","format":"standard","meta":{"advgb_blocks_editor_width":"","advgb_blocks_columns_visual_guide":"","footnotes":"","jetpack_publicize_message":"Se realiz\u00f3 la presentaci\u00f3n del nuevo sistema de volquetas destinado a la disposici\u00f3n de residuos voluminosos en la ciudad de Young...","jetpack_publicize_feature_enabled":false,"jetpack_social_post_already_shared":false,"jetpack_social_options":{"image_generator_settings":{"template":"highway","default_image_id":0,"font":"","enabled":false},"version":2}},"categories":[4],"tags":[],"class_list":["post-4033","post","type-post","status-publish","format-standard","has-post-thumbnail","hentry","category-de-aca"],"author_meta":{"display_name":"Portal","author_link":"https:\/\/portaldeyoung.uy\/index.php\/author\/admin_port\/"},"featured_img":"https:\/\/portaldeyoung.uy\/wp-content\/uploads\/2025\/10\/Volquetas-300x169.jpg","jetpack_publicize_connections":[],"coauthors":[],"tax_additional":{"categories":{"linked":["<a href=\"https:\/\/portaldeyoung.uy\/index.php\/category\/de-aca\/\" class=\"advgb-post-tax-term\">De ac\u00e1<\/a>"],"unlinked":["<span class=\"advgb-post-tax-term\">De ac\u00e1<\/span>"]}},"comment_count":"0","relative_dates":{"created":"Publicado 7 meses hace","modified":"Actualizado 7 meses hace"},"absolute_dates":{"created":"Publicado el octubre 1, 2025","modified":"Actualizado el octubre 2, 2025"},"absolute_dates_time":{"created":"Publicado el octubre 1, 2025 5:47 pm","modified":"Actualizado el octubre 2, 2025 9:03 pm"},"featured_img_caption":"","series_order":"","_links":{"self":[{"href":"https:\/\/portaldeyoung.uy\/index.php\/wp-json\/wp\/v2\/posts\/4033","targetHints":{"allow":["GET"]}}],"collection":[{"href":"https:\/\/portaldeyoung.uy\/index.php\/wp-json\/wp\/v2\/posts"}],"about":[{"href":"https:\/\/portaldeyoung.uy\/index.php\/wp-json\/wp\/v2\/types\/post"}],"author":[{"embeddable":true,"href":"https:\/\/portaldeyoung.uy\/index.php\/wp-json\/wp\/v2\/users\/1"}],"replies":[{"embeddable":true,"href":"https:\/\/portaldeyoung.uy\/index.php\/wp-json\/wp\/v2\/comments?post=4033"}],"version-history":[{"count":2,"href":"https:\/\/portaldeyoung.uy\/index.php\/wp-json\/wp\/v2\/posts\/4033\/revisions"}],"predecessor-version":[{"id":4037,"href":"https:\/\/portaldeyoung.uy\/index.php\/wp-json\/wp\/v2\/posts\/4033\/revisions\/4037"}],"wp:featuredmedia":[{"embeddable":true,"href":"https:\/\/portaldeyoung.uy\/index.php\/wp-json\/wp\/v2\/media\/4034"}],"wp:attachment":[{"href":"https:\/\/portaldeyoung.uy\/index.php\/wp-json\/wp\/v2\/media?parent=4033"}],"wp:term":[{"taxonomy":"category","embeddable":true,"href":"https:\/\/portaldeyoung.uy\/index.php\/wp-json\/wp\/v2\/categories?post=4033"},{"taxonomy":"post_tag","embeddable":true,"href":"https:\/\/portaldeyoung.uy\/index.php\/wp-json\/wp\/v2\/tags?post=4033"}],"curies":[{"name":"wp","href":"https:\/\/api.w.org\/{rel}","templated":true}]}}