{"id":3971,"date":"2025-09-30T14:10:16","date_gmt":"2025-09-30T14:10:16","guid":{"rendered":"https:\/\/portaldeyoung.uy\/?p=3971"},"modified":"2025-09-30T14:10:55","modified_gmt":"2025-09-30T14:10:55","slug":"artesanos-y-gastronomicos-de-todo-rio-negro-presentes-en-el-fin-de-semana-del-patrimonio","status":"publish","type":"post","link":"https:\/\/portaldeyoung.uy\/index.php\/2025\/09\/30\/artesanos-y-gastronomicos-de-todo-rio-negro-presentes-en-el-fin-de-semana-del-patrimonio\/","title":{"rendered":"Artesanos y gastron\u00f3micos de todo R\u00edo Negro presentes en el Fin de Semana del Patrimonio"},"content":{"rendered":"\n<p><strong>El director de Desarrollo Econ\u00f3mico , Agust\u00edn Mendiondo, destac\u00f3 la amplia participaci\u00f3n de emprendedores en el lanzamiento nacional del Fin de Semana del Patrimonio, que se realizar\u00e1 este viernes 3 de octubre, en el Parque Roosevelt y el Teatro de Verano de Fray Bentos, con entrada libre y gratuita.<\/strong><\/p>\n\n\n\n<p>La actividad comenzar\u00e1 el viernes a las 13:00 horas, con la apertura de la feria de artesan\u00edas y el patio gastron\u00f3mico. Nueve de los espacios estar\u00e1n destinados a San Javier, Young y Nuevo Berl\u00edn, que se sumar\u00e1n con sus productos para representar al interior del departamento.<\/p>\n\n\n\n<p>Adem\u00e1s, el s\u00e1bado 4 y domingo 5 de octubre, desde las 10:00 de la ma\u00f1ana, el Barrio Anglo (desde el Port\u00f3n 1 hasta el muelle) se transformar\u00e1 en un gran paseo de stands que funcionar\u00e1n durante todo el d\u00eda.<\/p>\n\n\n\n<p>\u201cSer\u00e1 una gran oportunidad para mostrar el talento, la creatividad y el trabajo de nuestra gente. Vamos a tener alrededor de 80 stands de artesanos y gastron\u00f3micos de todo el departamento\u201d, se\u00f1al\u00f3 el jerarca.<\/p>\n\n\n\n<p><em>*IRN<\/em><\/p>\n","protected":false},"excerpt":{"rendered":"<p>El director de Desarrollo Econ\u00f3mico , Agust\u00edn Mendiondo, destac\u00f3 la amplia participaci\u00f3n de emprendedores en el lanzamiento nacional del Fin de Semana del Patrimonio, que<\/p>\n","protected":false},"author":1,"featured_media":0,"comment_status":"open","ping_status":"open","sticky":false,"template":"","format":"standard","meta":{"advgb_blocks_editor_width":"","advgb_blocks_columns_visual_guide":"","footnotes":"","jetpack_publicize_message":"El director de Desarrollo Econ\u00f3mico , Agust\u00edn Mendiondo, destac\u00f3 la amplia participaci\u00f3n de emprendedores en el lanzamiento nacional del Fin de Semana del Patrimonio, que se realizar\u00e1 este ...","jetpack_publicize_feature_enabled":false,"jetpack_social_post_already_shared":false,"jetpack_social_options":{"image_generator_settings":{"template":"highway","default_image_id":0,"font":"","enabled":false},"version":2}},"categories":[6],"tags":[],"class_list":["post-3971","post","type-post","status-publish","format-standard","hentry","category-del-departamento"],"author_meta":{"display_name":"Portal","author_link":"https:\/\/portaldeyoung.uy\/index.php\/author\/admin_port\/"},"featured_img":null,"jetpack_publicize_connections":[],"coauthors":[],"tax_additional":{"categories":{"linked":["<a href=\"https:\/\/portaldeyoung.uy\/index.php\/category\/del-departamento\/\" class=\"advgb-post-tax-term\">Del departamento<\/a>"],"unlinked":["<span class=\"advgb-post-tax-term\">Del departamento<\/span>"]}},"comment_count":"0","relative_dates":{"created":"Publicado 7 meses hace","modified":"Actualizado 7 meses hace"},"absolute_dates":{"created":"Publicado el septiembre 30, 2025","modified":"Actualizado el septiembre 30, 2025"},"absolute_dates_time":{"created":"Publicado el septiembre 30, 2025 2:10 pm","modified":"Actualizado el septiembre 30, 2025 2:10 pm"},"featured_img_caption":"","series_order":"","_links":{"self":[{"href":"https:\/\/portaldeyoung.uy\/index.php\/wp-json\/wp\/v2\/posts\/3971","targetHints":{"allow":["GET"]}}],"collection":[{"href":"https:\/\/portaldeyoung.uy\/index.php\/wp-json\/wp\/v2\/posts"}],"about":[{"href":"https:\/\/portaldeyoung.uy\/index.php\/wp-json\/wp\/v2\/types\/post"}],"author":[{"embeddable":true,"href":"https:\/\/portaldeyoung.uy\/index.php\/wp-json\/wp\/v2\/users\/1"}],"replies":[{"embeddable":true,"href":"https:\/\/portaldeyoung.uy\/index.php\/wp-json\/wp\/v2\/comments?post=3971"}],"version-history":[{"count":1,"href":"https:\/\/portaldeyoung.uy\/index.php\/wp-json\/wp\/v2\/posts\/3971\/revisions"}],"predecessor-version":[{"id":3972,"href":"https:\/\/portaldeyoung.uy\/index.php\/wp-json\/wp\/v2\/posts\/3971\/revisions\/3972"}],"wp:attachment":[{"href":"https:\/\/portaldeyoung.uy\/index.php\/wp-json\/wp\/v2\/media?parent=3971"}],"wp:term":[{"taxonomy":"category","embeddable":true,"href":"https:\/\/portaldeyoung.uy\/index.php\/wp-json\/wp\/v2\/categories?post=3971"},{"taxonomy":"post_tag","embeddable":true,"href":"https:\/\/portaldeyoung.uy\/index.php\/wp-json\/wp\/v2\/tags?post=3971"}],"curies":[{"name":"wp","href":"https:\/\/api.w.org\/{rel}","templated":true}]}}