{"id":397,"date":"2025-06-12T15:26:06","date_gmt":"2025-06-12T15:26:06","guid":{"rendered":"https:\/\/portaldeyoung.uy\/?p=397"},"modified":"2025-06-13T11:44:52","modified_gmt":"2025-06-13T11:44:52","slug":"importante-incidente-vial-en-ruta-3-obliga-desvios-de-transito","status":"publish","type":"post","link":"https:\/\/portaldeyoung.uy\/index.php\/2025\/06\/12\/importante-incidente-vial-en-ruta-3-obliga-desvios-de-transito\/","title":{"rendered":"Importante Incidente vial en Ruta 3 obliga desv\u00edos de Tr\u00e1nsito"},"content":{"rendered":"\n<p>La ma\u00f1ana del jueves se vio marcada por dos accidentes viales casi simult\u00e1neos en la Ruta 3, espec\u00edficamente en el kil\u00f3metro 266, lo que ha resultado en la interrupci\u00f3n total del tr\u00e1nsito en la zona. Ambos incidentes involucraron camiones de carga, generando una situaci\u00f3n compleja para las autoridades y conductores.<\/p>\n\n\n\n<p>El primer suceso ocurri\u00f3 alrededor de las 9:00 horas, cuando un cami\u00f3n con matr\u00edcula paraguaya, que se desplazaba en direcci\u00f3n sur\u2013norte, despist\u00f3 por razones a\u00fan bajo investigaci\u00f3n. El veh\u00edculo termin\u00f3 volcando su contenedor sobre la senda este de la ruta, resultando en lesiones leves para el conductor, quien recibi\u00f3 atenci\u00f3n en el lugar.<\/p>\n\n\n\n<p>Minutos despu\u00e9s, un segundo cami\u00f3n, transportando arroz en sentido contrario, colision\u00f3 con el remolque volcado que obstru\u00eda parcialmente la calzada. Este impacto caus\u00f3 la dispersi\u00f3n de parte de la carga sobre el pavimento, aunque afortunadamente el conductor del segundo cami\u00f3n sali\u00f3 ileso.<\/p>\n\n\n\n<p>Debido a estos incidentes, la circulaci\u00f3n en la Ruta 3 en direcci\u00f3n norte\u2013sur ha sido desviada por la Ruta 55, iniciando desde la represa de Palmar, bajo la supervisi\u00f3n activa de las autoridades policiales. Los trabajos de limpieza y remoci\u00f3n de los veh\u00edculos involucrados est\u00e1n en curso, con el objetivo de restablecer la normalidad en la v\u00eda lo antes posible.<\/p>\n\n\n\n<p>Se recomienda a los conductores planificar rutas alternativas y estar atentos a las actualizaciones de tr\u00e1fico emitidas por las autoridades.<\/p>\n","protected":false},"excerpt":{"rendered":"<p>La ma\u00f1ana del jueves se vio marcada por dos accidentes viales casi simult\u00e1neos en la Ruta 3, espec\u00edficamente en el kil\u00f3metro 266, lo que ha<\/p>\n","protected":false},"author":1,"featured_media":0,"comment_status":"open","ping_status":"open","sticky":false,"template":"","format":"standard","meta":{"advgb_blocks_editor_width":"","advgb_blocks_columns_visual_guide":"","footnotes":"","jetpack_publicize_message":"","jetpack_publicize_feature_enabled":true,"jetpack_social_post_already_shared":true,"jetpack_social_options":{"image_generator_settings":{"template":"highway","default_image_id":0,"font":"","enabled":false},"version":2}},"categories":[6],"tags":[],"class_list":["post-397","post","type-post","status-publish","format-standard","hentry","category-del-departamento"],"author_meta":{"display_name":"Portal","author_link":"https:\/\/portaldeyoung.uy\/index.php\/author\/admin_port\/"},"featured_img":null,"jetpack_publicize_connections":[],"coauthors":[],"tax_additional":{"categories":{"linked":["<a href=\"https:\/\/portaldeyoung.uy\/index.php\/category\/del-departamento\/\" class=\"advgb-post-tax-term\">Del departamento<\/a>"],"unlinked":["<span class=\"advgb-post-tax-term\">Del departamento<\/span>"]}},"comment_count":"0","relative_dates":{"created":"Publicado 11 meses hace","modified":"Actualizado 11 meses hace"},"absolute_dates":{"created":"Publicado el junio 12, 2025","modified":"Actualizado el junio 13, 2025"},"absolute_dates_time":{"created":"Publicado el junio 12, 2025 3:26 pm","modified":"Actualizado el junio 13, 2025 11:44 am"},"featured_img_caption":"","series_order":"","_links":{"self":[{"href":"https:\/\/portaldeyoung.uy\/index.php\/wp-json\/wp\/v2\/posts\/397","targetHints":{"allow":["GET"]}}],"collection":[{"href":"https:\/\/portaldeyoung.uy\/index.php\/wp-json\/wp\/v2\/posts"}],"about":[{"href":"https:\/\/portaldeyoung.uy\/index.php\/wp-json\/wp\/v2\/types\/post"}],"author":[{"embeddable":true,"href":"https:\/\/portaldeyoung.uy\/index.php\/wp-json\/wp\/v2\/users\/1"}],"replies":[{"embeddable":true,"href":"https:\/\/portaldeyoung.uy\/index.php\/wp-json\/wp\/v2\/comments?post=397"}],"version-history":[{"count":3,"href":"https:\/\/portaldeyoung.uy\/index.php\/wp-json\/wp\/v2\/posts\/397\/revisions"}],"predecessor-version":[{"id":401,"href":"https:\/\/portaldeyoung.uy\/index.php\/wp-json\/wp\/v2\/posts\/397\/revisions\/401"}],"wp:attachment":[{"href":"https:\/\/portaldeyoung.uy\/index.php\/wp-json\/wp\/v2\/media?parent=397"}],"wp:term":[{"taxonomy":"category","embeddable":true,"href":"https:\/\/portaldeyoung.uy\/index.php\/wp-json\/wp\/v2\/categories?post=397"},{"taxonomy":"post_tag","embeddable":true,"href":"https:\/\/portaldeyoung.uy\/index.php\/wp-json\/wp\/v2\/tags?post=397"}],"curies":[{"name":"wp","href":"https:\/\/api.w.org\/{rel}","templated":true}]}}