{"id":3968,"date":"2025-09-30T14:03:53","date_gmt":"2025-09-30T14:03:53","guid":{"rendered":"https:\/\/portaldeyoung.uy\/?p=3968"},"modified":"2025-09-30T14:06:58","modified_gmt":"2025-09-30T14:06:58","slug":"detenciones-en-fray-bentos-con-drogas-y-armas","status":"publish","type":"post","link":"https:\/\/portaldeyoung.uy\/index.php\/2025\/09\/30\/detenciones-en-fray-bentos-con-drogas-y-armas\/","title":{"rendered":"Detenciones en Fray Bentos con drogas y armas"},"content":{"rendered":"\n<p>En la noche del lunes 29 al martes 30 de setiembre, la Brigada Departamental Antidrogas concret\u00f3 dos detenciones en Fray Bentos en el marco de una investigaci\u00f3n que se ven\u00eda desarrollando desde hac\u00eda un tiempo.<\/p>\n\n\n\n<p>Uno de los procedimientos se efectu\u00f3 cuando un hombre descend\u00eda de un \u00f3mnibus de transporte departamental. En su poder la Polic\u00eda incaut\u00f3 droga, cuya cantidad no fue precisada por las fuentes oficiales, adem\u00e1s de un arma.<\/p>\n\n\n\n<p>El segundo operativo tuvo lugar en calle Rivera, donde otro individuo fue detenido al bajar de un taxi. En este caso tambi\u00e9n se le incaut\u00f3 droga, sin que se especificara el tipo ni la cantidad.<\/p>\n\n\n\n<p>Ambos detenidos permanecen a disposici\u00f3n de la Justicia, mientras contin\u00faan las actuaciones correspondientes.<\/p>\n\n\n\n<p><em>*Con informaci\u00f3n de Jefatura de Polic\u00eda y R\u00edo Negro Ahora<\/em><\/p>\n","protected":false},"excerpt":{"rendered":"<p>En la noche del lunes 29 al martes 30 de setiembre, la Brigada Departamental Antidrogas concret\u00f3 dos detenciones en Fray Bentos en el marco de<\/p>\n","protected":false},"author":1,"featured_media":2477,"comment_status":"open","ping_status":"open","sticky":false,"template":"","format":"standard","meta":{"advgb_blocks_editor_width":"","advgb_blocks_columns_visual_guide":"","footnotes":"","jetpack_publicize_message":"En la noche del lunes 29 al martes 30 de setiembre, la Brigada Departamental Antidrogas concret\u00f3 dos ...","jetpack_publicize_feature_enabled":false,"jetpack_social_post_already_shared":false,"jetpack_social_options":{"image_generator_settings":{"template":"highway","default_image_id":0,"font":"","enabled":false},"version":2}},"categories":[6],"tags":[],"class_list":["post-3968","post","type-post","status-publish","format-standard","has-post-thumbnail","hentry","category-del-departamento"],"author_meta":{"display_name":"Portal","author_link":"https:\/\/portaldeyoung.uy\/index.php\/author\/admin_port\/"},"featured_img":"https:\/\/portaldeyoung.uy\/wp-content\/uploads\/2025\/08\/policia-maldonado-300x193.png","jetpack_publicize_connections":[],"coauthors":[],"tax_additional":{"categories":{"linked":["<a href=\"https:\/\/portaldeyoung.uy\/index.php\/category\/del-departamento\/\" class=\"advgb-post-tax-term\">Del departamento<\/a>"],"unlinked":["<span class=\"advgb-post-tax-term\">Del departamento<\/span>"]}},"comment_count":"0","relative_dates":{"created":"Publicado 7 meses hace","modified":"Actualizado 7 meses hace"},"absolute_dates":{"created":"Publicado el septiembre 30, 2025","modified":"Actualizado el septiembre 30, 2025"},"absolute_dates_time":{"created":"Publicado el septiembre 30, 2025 2:03 pm","modified":"Actualizado el septiembre 30, 2025 2:06 pm"},"featured_img_caption":"","series_order":"","_links":{"self":[{"href":"https:\/\/portaldeyoung.uy\/index.php\/wp-json\/wp\/v2\/posts\/3968","targetHints":{"allow":["GET"]}}],"collection":[{"href":"https:\/\/portaldeyoung.uy\/index.php\/wp-json\/wp\/v2\/posts"}],"about":[{"href":"https:\/\/portaldeyoung.uy\/index.php\/wp-json\/wp\/v2\/types\/post"}],"author":[{"embeddable":true,"href":"https:\/\/portaldeyoung.uy\/index.php\/wp-json\/wp\/v2\/users\/1"}],"replies":[{"embeddable":true,"href":"https:\/\/portaldeyoung.uy\/index.php\/wp-json\/wp\/v2\/comments?post=3968"}],"version-history":[{"count":1,"href":"https:\/\/portaldeyoung.uy\/index.php\/wp-json\/wp\/v2\/posts\/3968\/revisions"}],"predecessor-version":[{"id":3969,"href":"https:\/\/portaldeyoung.uy\/index.php\/wp-json\/wp\/v2\/posts\/3968\/revisions\/3969"}],"wp:featuredmedia":[{"embeddable":true,"href":"https:\/\/portaldeyoung.uy\/index.php\/wp-json\/wp\/v2\/media\/2477"}],"wp:attachment":[{"href":"https:\/\/portaldeyoung.uy\/index.php\/wp-json\/wp\/v2\/media?parent=3968"}],"wp:term":[{"taxonomy":"category","embeddable":true,"href":"https:\/\/portaldeyoung.uy\/index.php\/wp-json\/wp\/v2\/categories?post=3968"},{"taxonomy":"post_tag","embeddable":true,"href":"https:\/\/portaldeyoung.uy\/index.php\/wp-json\/wp\/v2\/tags?post=3968"}],"curies":[{"name":"wp","href":"https:\/\/api.w.org\/{rel}","templated":true}]}}