{"id":3936,"date":"2025-09-29T20:32:38","date_gmt":"2025-09-29T20:32:38","guid":{"rendered":"https:\/\/portaldeyoung.uy\/?p=3936"},"modified":"2025-09-30T14:36:43","modified_gmt":"2025-09-30T14:36:43","slug":"denuncias-por-faena-y-faltante-de-ovinos-en-la-zona-de-young","status":"publish","type":"post","link":"https:\/\/portaldeyoung.uy\/index.php\/2025\/09\/29\/denuncias-por-faena-y-faltante-de-ovinos-en-la-zona-de-young\/","title":{"rendered":"Denuncias por faena y faltante de ovinos en la zona de Young"},"content":{"rendered":"\n<p>En las \u00faltimas horas se registraron dos denuncias vinculadas a la faena y faltante de ovinos en la jurisdicci\u00f3n de la Seccional Sexta de Young.<\/p>\n\n\n\n<p>Por un lado, un vecino denunci\u00f3 que, al recorrer su campo en la zona de Paso Uleste, constat\u00f3 que le hab\u00edan faenado un carnero adulto de color negro. Los restos del animal fueron hallados en el predio, pr\u00f3ximos al camino principal, y la situaci\u00f3n fue verificada por personal policial. El perjuicio econ\u00f3mico fue estimado en unos 100 d\u00f3lares americanos. Se llevan adelante averiguaciones para esclarecer el hecho.<\/p>\n\n\n\n<p>En otro caso, tambi\u00e9n en jurisdicci\u00f3n de Seccional Sexta, otro vecino denunci\u00f3 la faltante de cuatro ovinos desde un terreno que posee a la altura del kil\u00f3metro 38 de la Ruta N\u00b025. Indic\u00f3 que el viernes por la ma\u00f1ana advirti\u00f3 la ausencia de los animales, los cuales se encuentran debidamente registrados ante DICOSE. La p\u00e9rdida fue avaluada en 15.000 pesos uruguayos. La Polic\u00eda trabaja en el caso.<\/p>\n","protected":false},"excerpt":{"rendered":"<p>En las \u00faltimas horas se registraron dos denuncias vinculadas a la faena y faltante de ovinos en la jurisdicci\u00f3n de la Seccional Sexta de Young.<\/p>\n","protected":false},"author":1,"featured_media":2836,"comment_status":"open","ping_status":"open","sticky":false,"template":"","format":"standard","meta":{"advgb_blocks_editor_width":"","advgb_blocks_columns_visual_guide":"","footnotes":"","jetpack_publicize_message":"En las \u00faltimas horas se registraron dos denuncias vinculadas a la faena y faltante de ovinos en la jurisdicci\u00f3n de la Seccional Sexta de ...","jetpack_publicize_feature_enabled":false,"jetpack_social_post_already_shared":false,"jetpack_social_options":{"image_generator_settings":{"template":"highway","default_image_id":0,"font":"","enabled":false},"version":2}},"categories":[4],"tags":[],"class_list":["post-3936","post","type-post","status-publish","format-standard","has-post-thumbnail","hentry","category-de-aca"],"author_meta":{"display_name":"Portal","author_link":"https:\/\/portaldeyoung.uy\/index.php\/author\/admin_port\/"},"featured_img":"https:\/\/portaldeyoung.uy\/wp-content\/uploads\/2025\/08\/Seccional-Sexta-Young-300x150.png","jetpack_publicize_connections":[],"coauthors":[],"tax_additional":{"categories":{"linked":["<a href=\"https:\/\/portaldeyoung.uy\/index.php\/category\/de-aca\/\" class=\"advgb-post-tax-term\">De ac\u00e1<\/a>"],"unlinked":["<span class=\"advgb-post-tax-term\">De ac\u00e1<\/span>"]}},"comment_count":"0","relative_dates":{"created":"Publicado 7 meses hace","modified":"Actualizado 7 meses hace"},"absolute_dates":{"created":"Publicado el septiembre 29, 2025","modified":"Actualizado el septiembre 30, 2025"},"absolute_dates_time":{"created":"Publicado el septiembre 29, 2025 8:32 pm","modified":"Actualizado el septiembre 30, 2025 2:36 pm"},"featured_img_caption":"","series_order":"","_links":{"self":[{"href":"https:\/\/portaldeyoung.uy\/index.php\/wp-json\/wp\/v2\/posts\/3936","targetHints":{"allow":["GET"]}}],"collection":[{"href":"https:\/\/portaldeyoung.uy\/index.php\/wp-json\/wp\/v2\/posts"}],"about":[{"href":"https:\/\/portaldeyoung.uy\/index.php\/wp-json\/wp\/v2\/types\/post"}],"author":[{"embeddable":true,"href":"https:\/\/portaldeyoung.uy\/index.php\/wp-json\/wp\/v2\/users\/1"}],"replies":[{"embeddable":true,"href":"https:\/\/portaldeyoung.uy\/index.php\/wp-json\/wp\/v2\/comments?post=3936"}],"version-history":[{"count":1,"href":"https:\/\/portaldeyoung.uy\/index.php\/wp-json\/wp\/v2\/posts\/3936\/revisions"}],"predecessor-version":[{"id":3937,"href":"https:\/\/portaldeyoung.uy\/index.php\/wp-json\/wp\/v2\/posts\/3936\/revisions\/3937"}],"wp:featuredmedia":[{"embeddable":true,"href":"https:\/\/portaldeyoung.uy\/index.php\/wp-json\/wp\/v2\/media\/2836"}],"wp:attachment":[{"href":"https:\/\/portaldeyoung.uy\/index.php\/wp-json\/wp\/v2\/media?parent=3936"}],"wp:term":[{"taxonomy":"category","embeddable":true,"href":"https:\/\/portaldeyoung.uy\/index.php\/wp-json\/wp\/v2\/categories?post=3936"},{"taxonomy":"post_tag","embeddable":true,"href":"https:\/\/portaldeyoung.uy\/index.php\/wp-json\/wp\/v2\/tags?post=3936"}],"curies":[{"name":"wp","href":"https:\/\/api.w.org\/{rel}","templated":true}]}}