{"id":3928,"date":"2025-09-29T20:16:26","date_gmt":"2025-09-29T20:16:26","guid":{"rendered":"https:\/\/portaldeyoung.uy\/?p=3928"},"modified":"2025-09-29T20:16:56","modified_gmt":"2025-09-29T20:16:56","slug":"trabajadores-de-ancap-en-paysandu-rechazan-anuncio-de-las-autoridades","status":"publish","type":"post","link":"https:\/\/portaldeyoung.uy\/index.php\/2025\/09\/29\/trabajadores-de-ancap-en-paysandu-rechazan-anuncio-de-las-autoridades\/","title":{"rendered":"Trabajadores de Ancap en Paysand\u00fa rechazan anuncio de las autoridades"},"content":{"rendered":"\n<p>La Federaci\u00f3n ANCAP expres\u00f3 su sorpresa y rechazo ante los recientes anuncios vinculados al futuro de la planta de Paysand\u00fa.<\/p>\n\n\n\n<p>Seg\u00fan explicaron, la propuesta presentada por las autoridades pone el foco en fortalecer la planta de Minas, mientras deja en incertidumbre el destino de la planta sanducera.<br>Eduardo Zabala, dirigente sindical, fue categ\u00f3rico: \u201cRechazamos el modo en el cual se hacen los anuncios y seguidamente rechazamos el contenido de esos anuncios. Se busca darle un hincapi\u00e9 muy fuerte a lo que es la planta de Minas, hacer una especie de refuerzo all\u00ed y dejar pr\u00e1cticamente liberada al azar la planta Paysand\u00fa. Lo que precisamos ac\u00e1 es inversi\u00f3n, ingreso de personal y gesti\u00f3n. Nada de eso est\u00e1 planteado y eso implica casi un parar de actividades a corto plazo\u201d.<\/p>\n\n\n\n<p>Frente a este escenario, los trabajadores nucleados en SUNCA y en la Federaci\u00f3n ANCAP realizaron una asamblea en la planta de Paysand\u00fa.<br>\u201cLlamamos a los compa\u00f1eros a informarse, a estar en contacto y a mantenernos en asamblea permanente para diagramar las acciones a futuro\u201d, explic\u00f3 Zabala, quien adelant\u00f3 que se solicitar\u00e1n reuniones tanto con la presidenta de ANCAP como con la ministra de Industria, sin descartar medidas de movilizaci\u00f3n.<\/p>\n","protected":false},"excerpt":{"rendered":"<p>La Federaci\u00f3n ANCAP expres\u00f3 su sorpresa y rechazo ante los recientes anuncios vinculados al futuro de la planta de Paysand\u00fa. Seg\u00fan explicaron, la propuesta presentada<\/p>\n","protected":false},"author":1,"featured_media":3929,"comment_status":"open","ping_status":"open","sticky":false,"template":"","format":"standard","meta":{"advgb_blocks_editor_width":"","advgb_blocks_columns_visual_guide":"","footnotes":"","jetpack_publicize_message":"La Federaci\u00f3n ANCAP expres\u00f3 su sorpresa y rechazo ante los recientes anuncios vinculados al futuro de la planta de Paysand\u00fa...","jetpack_publicize_feature_enabled":false,"jetpack_social_post_already_shared":false,"jetpack_social_options":{"image_generator_settings":{"template":"highway","default_image_id":0,"font":"","enabled":false},"version":2}},"categories":[7],"tags":[],"class_list":["post-3928","post","type-post","status-publish","format-standard","has-post-thumbnail","hentry","category-del-pais"],"author_meta":{"display_name":"Portal","author_link":"https:\/\/portaldeyoung.uy\/index.php\/author\/admin_port\/"},"featured_img":"https:\/\/portaldeyoung.uy\/wp-content\/uploads\/2025\/09\/planta-ancap-paysandu-300x168.jpg","jetpack_publicize_connections":[],"coauthors":[],"tax_additional":{"categories":{"linked":["<a href=\"https:\/\/portaldeyoung.uy\/index.php\/category\/del-pais\/\" class=\"advgb-post-tax-term\">Del pa\u00eds<\/a>"],"unlinked":["<span class=\"advgb-post-tax-term\">Del pa\u00eds<\/span>"]}},"comment_count":"0","relative_dates":{"created":"Publicado 7 meses hace","modified":"Actualizado 7 meses hace"},"absolute_dates":{"created":"Publicado el septiembre 29, 2025","modified":"Actualizado el septiembre 29, 2025"},"absolute_dates_time":{"created":"Publicado el septiembre 29, 2025 8:16 pm","modified":"Actualizado el septiembre 29, 2025 8:16 pm"},"featured_img_caption":"","series_order":"","_links":{"self":[{"href":"https:\/\/portaldeyoung.uy\/index.php\/wp-json\/wp\/v2\/posts\/3928","targetHints":{"allow":["GET"]}}],"collection":[{"href":"https:\/\/portaldeyoung.uy\/index.php\/wp-json\/wp\/v2\/posts"}],"about":[{"href":"https:\/\/portaldeyoung.uy\/index.php\/wp-json\/wp\/v2\/types\/post"}],"author":[{"embeddable":true,"href":"https:\/\/portaldeyoung.uy\/index.php\/wp-json\/wp\/v2\/users\/1"}],"replies":[{"embeddable":true,"href":"https:\/\/portaldeyoung.uy\/index.php\/wp-json\/wp\/v2\/comments?post=3928"}],"version-history":[{"count":1,"href":"https:\/\/portaldeyoung.uy\/index.php\/wp-json\/wp\/v2\/posts\/3928\/revisions"}],"predecessor-version":[{"id":3930,"href":"https:\/\/portaldeyoung.uy\/index.php\/wp-json\/wp\/v2\/posts\/3928\/revisions\/3930"}],"wp:featuredmedia":[{"embeddable":true,"href":"https:\/\/portaldeyoung.uy\/index.php\/wp-json\/wp\/v2\/media\/3929"}],"wp:attachment":[{"href":"https:\/\/portaldeyoung.uy\/index.php\/wp-json\/wp\/v2\/media?parent=3928"}],"wp:term":[{"taxonomy":"category","embeddable":true,"href":"https:\/\/portaldeyoung.uy\/index.php\/wp-json\/wp\/v2\/categories?post=3928"},{"taxonomy":"post_tag","embeddable":true,"href":"https:\/\/portaldeyoung.uy\/index.php\/wp-json\/wp\/v2\/tags?post=3928"}],"curies":[{"name":"wp","href":"https:\/\/api.w.org\/{rel}","templated":true}]}}