{"id":3925,"date":"2025-09-29T20:11:35","date_gmt":"2025-09-29T20:11:35","guid":{"rendered":"https:\/\/portaldeyoung.uy\/?p=3925"},"modified":"2025-09-29T20:12:29","modified_gmt":"2025-09-29T20:12:29","slug":"msp-inicia-campana-de-prevencion-de-infecciones-de-transmision-sexual","status":"publish","type":"post","link":"https:\/\/portaldeyoung.uy\/index.php\/2025\/09\/29\/msp-inicia-campana-de-prevencion-de-infecciones-de-transmision-sexual\/","title":{"rendered":"MSP inicia campa\u00f1a de prevenci\u00f3n de infecciones de transmisi\u00f3n sexual"},"content":{"rendered":"\n<p>Con un enfoque orientado a la prevenci\u00f3n y la concientizaci\u00f3n acerca de la tem\u00e1tica, el MSP realiza una campa\u00f1a de prevenci\u00f3n de infecciones de transmisi\u00f3n sexual, en la que colaboraron figuras reconocidas de la m\u00fasica, la comunicaci\u00f3n y el deporte.<\/p>\n\n\n\n<p>El Ministerio de Salud P\u00fablica (MSP) advirti\u00f3 que en los \u00faltimos a\u00f1os la cifra de casos de s\u00edfilis volvi\u00f3 a crecer en Uruguay y afecta a j\u00f3venes, embarazadas y reci\u00e9n nacidos. Esta infecci\u00f3n bacteriana puede prevenirse mediante el uso de preservativo y controles peri\u00f3dicos.<\/p>\n\n\n\n<p>Los datos del \u00faltimo&nbsp;<a href=\"https:\/\/www.gub.uy\/ministerio-salud-publica\/comunicacion\/publicaciones\/boletin-epidemiologico-infecciones-transmision-sexual\">Bolet\u00edn Epidemiol\u00f3gico de Infecciones de Transmisi\u00f3n Sexual<\/a>&nbsp;confirman una tendencia preocupante. En<strong> 2024, se notificaron 7.035 casos<\/strong>, lo que equivale a 196,6 por cada 100.000 habitantes. La enfermedad afecta de manera particular a la <strong>poblaci\u00f3n de entre 15 y 24 a\u00f1os<\/strong>, grupo etario en que las tasas superan los 300 casos por cada 100.000 habitantes.<\/p>\n\n\n\n<p>Durante el embarazo, el n\u00famero de casos tambi\u00e9n contin\u00faa siendo elevado. En 2024 se registraron <strong>1.082 gestantes con pruebas positivas<\/strong> y cada a\u00f1o alrededor de 200 reci\u00e9n nacidos presentan s\u00edfilis cong\u00e9nita.&nbsp;<\/p>\n\n\n\n<p>Aunque se trata de una <strong>infecci\u00f3n curable<\/strong> y con <strong>tratamiento disponible en todo el pa\u00eds<\/strong>,<strong> el testeo oportuno<\/strong> y el <strong>diagn\u00f3stico temprano<\/strong> son claves para cortar la cadena de transmisi\u00f3n y prevenir complicaciones.<\/p>\n\n\n\n<h3 class=\"wp-block-heading\">Otras infecciones de transmisi\u00f3n sexual<\/h3>\n\n\n\n<p>En relaci\u00f3n con otras infecciones de transmisi\u00f3n sexual, en <strong>2024 se notificaron 842 nuevos diagn\u00f3sticos del virus de inmunodeficiencia adquirida (VIH)<\/strong>. El 91,7% de las personas que viven con \u00e9l conocen su estado, el 83% acceden a tratamiento y el 77,2% mantienen carga viral indetectable. La v\u00eda sexual es la principal forma de transmisi\u00f3n.&nbsp;<\/p>\n\n\n\n<p>Ese mismo a\u00f1o se reportaron <strong>276 casos con anticuerpo positivo para hepatitis C<\/strong>, 7,7 por cada 100.000 habitantes, y <strong>162 casos confirmados de hepatitis B<\/strong>,4,5 por cada 100.000 habitantes, con mayor incidencia en adultos que no recibieron vacunaci\u00f3n sistem\u00e1tica.&nbsp;<\/p>\n\n\n\n<p>En cuanto al <strong>virus del papiloma humano (VPH)<\/strong>, contin\u00faa siendo la infecci\u00f3n viral m\u00e1s frecuente y se asocia al desarrollo de c\u00e1ncer de cuello uterino, anal y orofar\u00edngeo. Desde 2024, la vacunaci\u00f3n se ampli\u00f3 hasta los 45 a\u00f1os para personas con factores de riesgo.<\/p>\n\n\n\n<h3 class=\"wp-block-heading\">Testeos, vacunas y protecci\u00f3n<\/h3>\n\n\n\n<p>El MSP recuerda que <strong>existen m\u00faltiples herramientas para reducir el riesgo de infecciones. El uso de preservativos y barreras de l\u00e1tex <\/strong>es simple, accesible y efectivo para prevenir la mayor\u00eda de las de transmisi\u00f3n sexual.<\/p>\n\n\n\n<p>Los<strong> testeos peri\u00f3dicos<\/strong>, disponibles en todo el pa\u00eds, son fundamentales, porque muchas personas pueden no presentar s\u00edntomas, y el diagn\u00f3stico oportuno y el tratamiento cortan la cadena de transmisi\u00f3n.&nbsp;<\/p>\n\n\n\n<p>La <strong>vacunaci\u00f3n<\/strong> contra hepatitis A, hepatitis B y HPV incorporadas al esquema nacional, previenen la adquisici\u00f3n de estas infecciones.<\/p>\n\n\n\n<h3 class=\"wp-block-heading\">\u00abEs fuerte\u00bb<\/h3>\n\n\n\n<ul class=\"wp-block-list\">\n<li>Es fuerte que en Uruguay casi 200 beb\u00e9s al a\u00f1o se diagnostiquen con s\u00edfilis cong\u00e9nita.<\/li>\n\n\n\n<li>Es fuerte que todav\u00eda exista estigma para hablar de salud sexual.<\/li>\n\n\n\n<li>Es fuerte que en solo cuatro a\u00f1os los casos de s\u00edfilis en j\u00f3venes pr\u00e1cticamente se duplicaron.<\/li>\n\n\n\n<li>Es fuerte que una enfermedad que parec\u00eda olvidada hoy sea un problema de salud p\u00fablica.\u00a0<\/li>\n\n\n\n<li>Testeate. Vacunate. Protegete.<\/li>\n<\/ul>\n","protected":false},"excerpt":{"rendered":"<p>Con un enfoque orientado a la prevenci\u00f3n y la concientizaci\u00f3n acerca de la tem\u00e1tica, el MSP realiza una campa\u00f1a de prevenci\u00f3n de infecciones de transmisi\u00f3n<\/p>\n","protected":false},"author":1,"featured_media":3926,"comment_status":"open","ping_status":"open","sticky":false,"template":"","format":"standard","meta":{"advgb_blocks_editor_width":"","advgb_blocks_columns_visual_guide":"","footnotes":"","jetpack_publicize_message":"Con un enfoque orientado a la prevenci\u00f3n y la concientizaci\u00f3n acerca de la tem\u00e1tica, el MSP realiza una campa\u00f1a de prevenci\u00f3n de infecciones de transmisi\u00f3n sexual, en la que ...","jetpack_publicize_feature_enabled":false,"jetpack_social_post_already_shared":false,"jetpack_social_options":{"image_generator_settings":{"template":"highway","default_image_id":0,"font":"","enabled":false},"version":2}},"categories":[7],"tags":[],"class_list":["post-3925","post","type-post","status-publish","format-standard","has-post-thumbnail","hentry","category-del-pais"],"author_meta":{"display_name":"Portal","author_link":"https:\/\/portaldeyoung.uy\/index.php\/author\/admin_port\/"},"featured_img":"https:\/\/portaldeyoung.uy\/wp-content\/uploads\/2025\/09\/luana-salud-sexual-300x154.png","jetpack_publicize_connections":[],"coauthors":[],"tax_additional":{"categories":{"linked":["<a href=\"https:\/\/portaldeyoung.uy\/index.php\/category\/del-pais\/\" class=\"advgb-post-tax-term\">Del pa\u00eds<\/a>"],"unlinked":["<span class=\"advgb-post-tax-term\">Del pa\u00eds<\/span>"]}},"comment_count":"0","relative_dates":{"created":"Publicado 7 meses hace","modified":"Actualizado 7 meses hace"},"absolute_dates":{"created":"Publicado el septiembre 29, 2025","modified":"Actualizado el septiembre 29, 2025"},"absolute_dates_time":{"created":"Publicado el septiembre 29, 2025 8:11 pm","modified":"Actualizado el septiembre 29, 2025 8:12 pm"},"featured_img_caption":"","series_order":"","_links":{"self":[{"href":"https:\/\/portaldeyoung.uy\/index.php\/wp-json\/wp\/v2\/posts\/3925","targetHints":{"allow":["GET"]}}],"collection":[{"href":"https:\/\/portaldeyoung.uy\/index.php\/wp-json\/wp\/v2\/posts"}],"about":[{"href":"https:\/\/portaldeyoung.uy\/index.php\/wp-json\/wp\/v2\/types\/post"}],"author":[{"embeddable":true,"href":"https:\/\/portaldeyoung.uy\/index.php\/wp-json\/wp\/v2\/users\/1"}],"replies":[{"embeddable":true,"href":"https:\/\/portaldeyoung.uy\/index.php\/wp-json\/wp\/v2\/comments?post=3925"}],"version-history":[{"count":1,"href":"https:\/\/portaldeyoung.uy\/index.php\/wp-json\/wp\/v2\/posts\/3925\/revisions"}],"predecessor-version":[{"id":3927,"href":"https:\/\/portaldeyoung.uy\/index.php\/wp-json\/wp\/v2\/posts\/3925\/revisions\/3927"}],"wp:featuredmedia":[{"embeddable":true,"href":"https:\/\/portaldeyoung.uy\/index.php\/wp-json\/wp\/v2\/media\/3926"}],"wp:attachment":[{"href":"https:\/\/portaldeyoung.uy\/index.php\/wp-json\/wp\/v2\/media?parent=3925"}],"wp:term":[{"taxonomy":"category","embeddable":true,"href":"https:\/\/portaldeyoung.uy\/index.php\/wp-json\/wp\/v2\/categories?post=3925"},{"taxonomy":"post_tag","embeddable":true,"href":"https:\/\/portaldeyoung.uy\/index.php\/wp-json\/wp\/v2\/tags?post=3925"}],"curies":[{"name":"wp","href":"https:\/\/api.w.org\/{rel}","templated":true}]}}