{"id":3922,"date":"2025-09-29T20:03:33","date_gmt":"2025-09-29T20:03:33","guid":{"rendered":"https:\/\/portaldeyoung.uy\/?p=3922"},"modified":"2025-09-29T20:09:20","modified_gmt":"2025-09-29T20:09:20","slug":"san-jose-cuatro-hombres-resultaron-lesionados-tras-el-vuelco-de-un-camion","status":"publish","type":"post","link":"https:\/\/portaldeyoung.uy\/index.php\/2025\/09\/29\/san-jose-cuatro-hombres-resultaron-lesionados-tras-el-vuelco-de-un-camion\/","title":{"rendered":"San Jos\u00e9: cuatro hombres resultaron lesionados tras el vuelco de un cami\u00f3n"},"content":{"rendered":"\n<p>El siniestro ocurri\u00f3 en la ma\u00f1ana de este lunes en la ruta 3 a la altura del kil\u00f3metro 132.<\/p>\n\n\n\n<p>El cami\u00f3n circulaba de sur a norte con cuatro ocupantes y por causas a establecer despist\u00f3 e impact\u00f3 contra un \u00e1rbol sobre el borde de la ruta.<\/p>\n\n\n\n<p>Su conductor, un hombre de 29 a\u00f1os, fue diagnosticado con politraumatismo.<\/p>\n\n\n\n<p>En tanto, los acompa\u00f1antes, un hombre de 39 a\u00f1os y dos de 45 a\u00f1os, tambi\u00e9n sufrieron politraumatismos, sin lesiones de entidad. Todos fueron derivados a un cetro asistencia de la ciudad.<\/p>\n\n\n\n<p><em>*Foto: Polic\u00eda Caminera.\u00a0<\/em><\/p>\n","protected":false},"excerpt":{"rendered":"<p>El siniestro ocurri\u00f3 en la ma\u00f1ana de este lunes en la ruta 3 a la altura del kil\u00f3metro 132. El cami\u00f3n circulaba de sur a<\/p>\n","protected":false},"author":1,"featured_media":3923,"comment_status":"open","ping_status":"open","sticky":false,"template":"","format":"standard","meta":{"advgb_blocks_editor_width":"","advgb_blocks_columns_visual_guide":"","footnotes":"","jetpack_publicize_message":"El siniestro ocurri\u00f3 en la ma\u00f1ana de este lunes en la ruta 3 a la altura del kil\u00f3metro 132...","jetpack_publicize_feature_enabled":false,"jetpack_social_post_already_shared":false,"jetpack_social_options":{"image_generator_settings":{"template":"highway","default_image_id":0,"font":"","enabled":false},"version":2}},"categories":[7],"tags":[],"class_list":["post-3922","post","type-post","status-publish","format-standard","has-post-thumbnail","hentry","category-del-pais"],"author_meta":{"display_name":"Portal","author_link":"https:\/\/portaldeyoung.uy\/index.php\/author\/admin_port\/"},"featured_img":"https:\/\/portaldeyoung.uy\/wp-content\/uploads\/2025\/09\/vuelco-san-jose-300x168.jpg","jetpack_publicize_connections":[],"coauthors":[],"tax_additional":{"categories":{"linked":["<a href=\"https:\/\/portaldeyoung.uy\/index.php\/category\/del-pais\/\" class=\"advgb-post-tax-term\">Del pa\u00eds<\/a>"],"unlinked":["<span class=\"advgb-post-tax-term\">Del pa\u00eds<\/span>"]}},"comment_count":"0","relative_dates":{"created":"Publicado 7 meses hace","modified":"Actualizado 7 meses hace"},"absolute_dates":{"created":"Publicado el septiembre 29, 2025","modified":"Actualizado el septiembre 29, 2025"},"absolute_dates_time":{"created":"Publicado el septiembre 29, 2025 8:03 pm","modified":"Actualizado el septiembre 29, 2025 8:09 pm"},"featured_img_caption":"","series_order":"","_links":{"self":[{"href":"https:\/\/portaldeyoung.uy\/index.php\/wp-json\/wp\/v2\/posts\/3922","targetHints":{"allow":["GET"]}}],"collection":[{"href":"https:\/\/portaldeyoung.uy\/index.php\/wp-json\/wp\/v2\/posts"}],"about":[{"href":"https:\/\/portaldeyoung.uy\/index.php\/wp-json\/wp\/v2\/types\/post"}],"author":[{"embeddable":true,"href":"https:\/\/portaldeyoung.uy\/index.php\/wp-json\/wp\/v2\/users\/1"}],"replies":[{"embeddable":true,"href":"https:\/\/portaldeyoung.uy\/index.php\/wp-json\/wp\/v2\/comments?post=3922"}],"version-history":[{"count":1,"href":"https:\/\/portaldeyoung.uy\/index.php\/wp-json\/wp\/v2\/posts\/3922\/revisions"}],"predecessor-version":[{"id":3924,"href":"https:\/\/portaldeyoung.uy\/index.php\/wp-json\/wp\/v2\/posts\/3922\/revisions\/3924"}],"wp:featuredmedia":[{"embeddable":true,"href":"https:\/\/portaldeyoung.uy\/index.php\/wp-json\/wp\/v2\/media\/3923"}],"wp:attachment":[{"href":"https:\/\/portaldeyoung.uy\/index.php\/wp-json\/wp\/v2\/media?parent=3922"}],"wp:term":[{"taxonomy":"category","embeddable":true,"href":"https:\/\/portaldeyoung.uy\/index.php\/wp-json\/wp\/v2\/categories?post=3922"},{"taxonomy":"post_tag","embeddable":true,"href":"https:\/\/portaldeyoung.uy\/index.php\/wp-json\/wp\/v2\/tags?post=3922"}],"curies":[{"name":"wp","href":"https:\/\/api.w.org\/{rel}","templated":true}]}}