{"id":3918,"date":"2025-09-29T20:00:24","date_gmt":"2025-09-29T20:00:24","guid":{"rendered":"https:\/\/portaldeyoung.uy\/?p=3918"},"modified":"2025-09-29T20:01:04","modified_gmt":"2025-09-29T20:01:04","slug":"tras-atentado-orsi-recibe-esta-tarde-en-torre-ejecutiva-a-las-maximas-autoridades-de-los-partidos-politicos","status":"publish","type":"post","link":"https:\/\/portaldeyoung.uy\/index.php\/2025\/09\/29\/tras-atentado-orsi-recibe-esta-tarde-en-torre-ejecutiva-a-las-maximas-autoridades-de-los-partidos-politicos\/","title":{"rendered":"Tras atentado, Orsi recibe esta tarde en Torre Ejecutiva a las m\u00e1ximas autoridades de los partidos pol\u00edticos"},"content":{"rendered":"\n<p>El mandatario convoc\u00f3 a todos los partidos con representaci\u00f3n parlamentaria, para tratar el atentado que sufri\u00f3 la fiscal de Corte, M\u00f3nica Ferrero, en su casa.<\/p>\n\n\n\n<p>El presidente Yamand\u00fa Orsi convoc\u00f3 para la tarde de este lunes a una reuni\u00f3n a las m\u00e1ximas autoridades de los partidos pol\u00edticos que tienen representaci\u00f3n parlamentaria.<\/p>\n\n\n\n<p>El encuentro est\u00e1 previsto para las 17:00 horas. Los citados fueron Frente Amplio, Partido Nacional, Partido Colorado, Partido Independiente, Cabildo Abierto e Identidad Soberana.<\/p>\n\n\n\n<p>Orsi viene de reunirse, a media ma\u00f1ana, con los ministros Carlos Negro (Interior) y Sandra Lazo (Defensa); la fiscal Ferrero; el secretario de Presidencia, Alejandro S\u00e1nchez; y el prosecretario, Jorge D\u00edaz.<\/p>\n\n\n\n<p>Los partidos Nacional y Colorado resolvieron reunirse de urgencia el domingo, en paralelo, luego de conocer el atentado que la Ferrero sufri\u00f3 en su casa de Jacinto Vera, en Montevideo. En tanto, el Frente Amplio, se reuni\u00f3 este lunes, encuentro que tuvo la participaci\u00f3n de la subsecretaria del Ministerio del Interior, Gabriela Valverde.<\/p>\n\n\n\n<p>Orsi brind\u00f3 una conferencia de prensa a las tres de la tarde de este lunes donde advirti\u00f3 que no se deben tolerar estos hechos y anunci\u00f3 operativos en barrios vinculados a los responsables. Reclam\u00f3 al Parlamento acelerar la ley contra el lavado de activos, y se\u00f1al\u00f3 la necesidad de serenidad y discreci\u00f3n para investigar con eficacia. Destac\u00f3 avances policiales y ratific\u00f3 su respaldo al ministro Negro.<\/p>\n","protected":false},"excerpt":{"rendered":"<p>El mandatario convoc\u00f3 a todos los partidos con representaci\u00f3n parlamentaria, para tratar el atentado que sufri\u00f3 la fiscal de Corte, M\u00f3nica Ferrero, en su casa.<\/p>\n","protected":false},"author":1,"featured_media":3919,"comment_status":"open","ping_status":"open","sticky":false,"template":"","format":"standard","meta":{"advgb_blocks_editor_width":"","advgb_blocks_columns_visual_guide":"","footnotes":"","jetpack_publicize_message":"El mandatario convoc\u00f3 a todos los partidos con representaci\u00f3n parlamentaria, para tratar el atentado que sufri\u00f3 la fiscal de Corte, M\u00f3nica Ferrero, en su casa...","jetpack_publicize_feature_enabled":false,"jetpack_social_post_already_shared":false,"jetpack_social_options":{"image_generator_settings":{"template":"highway","default_image_id":0,"font":"","enabled":false},"version":2}},"categories":[7],"tags":[],"class_list":["post-3918","post","type-post","status-publish","format-standard","has-post-thumbnail","hentry","category-del-pais"],"author_meta":{"display_name":"Portal","author_link":"https:\/\/portaldeyoung.uy\/index.php\/author\/admin_port\/"},"featured_img":"https:\/\/portaldeyoung.uy\/wp-content\/uploads\/2025\/09\/casa-monica-ferrero-300x167.png","jetpack_publicize_connections":[],"coauthors":[],"tax_additional":{"categories":{"linked":["<a href=\"https:\/\/portaldeyoung.uy\/index.php\/category\/del-pais\/\" class=\"advgb-post-tax-term\">Del pa\u00eds<\/a>"],"unlinked":["<span class=\"advgb-post-tax-term\">Del pa\u00eds<\/span>"]}},"comment_count":"0","relative_dates":{"created":"Publicado 7 meses hace","modified":"Actualizado 7 meses hace"},"absolute_dates":{"created":"Publicado el septiembre 29, 2025","modified":"Actualizado el septiembre 29, 2025"},"absolute_dates_time":{"created":"Publicado el septiembre 29, 2025 8:00 pm","modified":"Actualizado el septiembre 29, 2025 8:01 pm"},"featured_img_caption":"","series_order":"","_links":{"self":[{"href":"https:\/\/portaldeyoung.uy\/index.php\/wp-json\/wp\/v2\/posts\/3918","targetHints":{"allow":["GET"]}}],"collection":[{"href":"https:\/\/portaldeyoung.uy\/index.php\/wp-json\/wp\/v2\/posts"}],"about":[{"href":"https:\/\/portaldeyoung.uy\/index.php\/wp-json\/wp\/v2\/types\/post"}],"author":[{"embeddable":true,"href":"https:\/\/portaldeyoung.uy\/index.php\/wp-json\/wp\/v2\/users\/1"}],"replies":[{"embeddable":true,"href":"https:\/\/portaldeyoung.uy\/index.php\/wp-json\/wp\/v2\/comments?post=3918"}],"version-history":[{"count":1,"href":"https:\/\/portaldeyoung.uy\/index.php\/wp-json\/wp\/v2\/posts\/3918\/revisions"}],"predecessor-version":[{"id":3920,"href":"https:\/\/portaldeyoung.uy\/index.php\/wp-json\/wp\/v2\/posts\/3918\/revisions\/3920"}],"wp:featuredmedia":[{"embeddable":true,"href":"https:\/\/portaldeyoung.uy\/index.php\/wp-json\/wp\/v2\/media\/3919"}],"wp:attachment":[{"href":"https:\/\/portaldeyoung.uy\/index.php\/wp-json\/wp\/v2\/media?parent=3918"}],"wp:term":[{"taxonomy":"category","embeddable":true,"href":"https:\/\/portaldeyoung.uy\/index.php\/wp-json\/wp\/v2\/categories?post=3918"},{"taxonomy":"post_tag","embeddable":true,"href":"https:\/\/portaldeyoung.uy\/index.php\/wp-json\/wp\/v2\/tags?post=3918"}],"curies":[{"name":"wp","href":"https:\/\/api.w.org\/{rel}","templated":true}]}}