{"id":3871,"date":"2025-09-28T20:46:45","date_gmt":"2025-09-28T20:46:45","guid":{"rendered":"https:\/\/portaldeyoung.uy\/?p=3871"},"modified":"2025-09-28T20:48:36","modified_gmt":"2025-09-28T20:48:36","slug":"planta-de-hidrogeno-verde-en-paysandu-comenzara-su-obra-en-el-segundo-semestre-de-2026","status":"publish","type":"post","link":"https:\/\/portaldeyoung.uy\/index.php\/2025\/09\/28\/planta-de-hidrogeno-verde-en-paysandu-comenzara-su-obra-en-el-segundo-semestre-de-2026\/","title":{"rendered":"Planta de hidr\u00f3geno verde en Paysand\u00fa comenzar\u00e1 su obra en el segundo semestre de 2026"},"content":{"rendered":"\n<p>El proyecto contempla la generaci\u00f3n de electricidad a partir de fuentes renovables y la transmisi\u00f3n de esta energ\u00eda a la planta de e-Combustibles.<\/p>\n\n\n\n<p>La construcci\u00f3n de la planta de hidr\u00f3geno verde en Paysand\u00fa comenzar\u00e1 en el segundo semestre de 2026 y durante el pico de la obra se prev\u00e9 la contrataci\u00f3n de m\u00e1s de 3 mil personas.<\/p>\n\n\n\n<p>El proyecto contempla la generaci\u00f3n de electricidad a partir de fuentes renovables y la transmisi\u00f3n de esta energ\u00eda a la planta de e-Combustibles.<\/p>\n\n\n\n<p>La planta de e-Combustible estar\u00e1 situada en Constancia, a 15 km de Paysand\u00fa. El proyecto incluye el Parque Solar Fotovoltaico Luc\u00eda, ubicado al norte de la localidad de El Eucalipto, con una capacidad de generaci\u00f3n pico de 1.162 MWp. Tambi\u00e9n el Parque E\u00f3lico Elenam que se ubicar\u00e1 en la zona de Cuchilla de Fuego, al sureste de El Eucalipto, con una capacidad instalada de 1.137,6 MWp.<\/p>\n\n\n\n<p>Fernanda Cardona, ministra de industria, energ\u00eda y miner\u00eda dijo que los distintos ministerios est\u00e1n coordinando acciones por la planta.<\/p>\n\n\n\n<p>Agreg\u00f3 que cuando asumi\u00f3 el gobierno actual, el proyecto no hab\u00eda sido viable porque no se lleg\u00f3 a un acuerdo con el Poder Ejecutivo anterior y era un proyecto de escritorio al que le faltaban resolver varias cuestiones \u00abcuando este gobierno asume, agarra esa realidad, que era un proyecto de escritorio y le dice a la empresa tenemos que reformular algunas cuestiones, porque este gobierno tiene el triple impacto, va a mirar la parte ambiental, va a mirar la parte econ\u00f3mica, y tambi\u00e9n la social, determinando las variables que no est\u00e1n ac\u00e1\u00bb.<\/p>\n","protected":false},"excerpt":{"rendered":"<p>El proyecto contempla la generaci\u00f3n de electricidad a partir de fuentes renovables y la transmisi\u00f3n de esta energ\u00eda a la planta de e-Combustibles. La construcci\u00f3n<\/p>\n","protected":false},"author":1,"featured_media":3872,"comment_status":"open","ping_status":"open","sticky":false,"template":"","format":"standard","meta":{"advgb_blocks_editor_width":"","advgb_blocks_columns_visual_guide":"","footnotes":"","jetpack_publicize_message":"El proyecto contempla la generaci\u00f3n de electricidad a partir de fuentes renovables y la transmisi\u00f3n de esta energ\u00eda a la planta de e-Combustibles...","jetpack_publicize_feature_enabled":false,"jetpack_social_post_already_shared":false,"jetpack_social_options":{"image_generator_settings":{"template":"highway","default_image_id":0,"font":"","enabled":false},"version":2}},"categories":[7],"tags":[],"class_list":["post-3871","post","type-post","status-publish","format-standard","has-post-thumbnail","hentry","category-del-pais"],"author_meta":{"display_name":"Portal","author_link":"https:\/\/portaldeyoung.uy\/index.php\/author\/admin_port\/"},"featured_img":"https:\/\/portaldeyoung.uy\/wp-content\/uploads\/2025\/09\/hidrogeno-verde-300x199.png","jetpack_publicize_connections":[],"coauthors":[],"tax_additional":{"categories":{"linked":["<a href=\"https:\/\/portaldeyoung.uy\/index.php\/category\/del-pais\/\" class=\"advgb-post-tax-term\">Del pa\u00eds<\/a>"],"unlinked":["<span class=\"advgb-post-tax-term\">Del pa\u00eds<\/span>"]}},"comment_count":"0","relative_dates":{"created":"Publicado 7 meses hace","modified":"Actualizado 7 meses hace"},"absolute_dates":{"created":"Publicado el septiembre 28, 2025","modified":"Actualizado el septiembre 28, 2025"},"absolute_dates_time":{"created":"Publicado el septiembre 28, 2025 8:46 pm","modified":"Actualizado el septiembre 28, 2025 8:48 pm"},"featured_img_caption":"","series_order":"","_links":{"self":[{"href":"https:\/\/portaldeyoung.uy\/index.php\/wp-json\/wp\/v2\/posts\/3871","targetHints":{"allow":["GET"]}}],"collection":[{"href":"https:\/\/portaldeyoung.uy\/index.php\/wp-json\/wp\/v2\/posts"}],"about":[{"href":"https:\/\/portaldeyoung.uy\/index.php\/wp-json\/wp\/v2\/types\/post"}],"author":[{"embeddable":true,"href":"https:\/\/portaldeyoung.uy\/index.php\/wp-json\/wp\/v2\/users\/1"}],"replies":[{"embeddable":true,"href":"https:\/\/portaldeyoung.uy\/index.php\/wp-json\/wp\/v2\/comments?post=3871"}],"version-history":[{"count":1,"href":"https:\/\/portaldeyoung.uy\/index.php\/wp-json\/wp\/v2\/posts\/3871\/revisions"}],"predecessor-version":[{"id":3873,"href":"https:\/\/portaldeyoung.uy\/index.php\/wp-json\/wp\/v2\/posts\/3871\/revisions\/3873"}],"wp:featuredmedia":[{"embeddable":true,"href":"https:\/\/portaldeyoung.uy\/index.php\/wp-json\/wp\/v2\/media\/3872"}],"wp:attachment":[{"href":"https:\/\/portaldeyoung.uy\/index.php\/wp-json\/wp\/v2\/media?parent=3871"}],"wp:term":[{"taxonomy":"category","embeddable":true,"href":"https:\/\/portaldeyoung.uy\/index.php\/wp-json\/wp\/v2\/categories?post=3871"},{"taxonomy":"post_tag","embeddable":true,"href":"https:\/\/portaldeyoung.uy\/index.php\/wp-json\/wp\/v2\/tags?post=3871"}],"curies":[{"name":"wp","href":"https:\/\/api.w.org\/{rel}","templated":true}]}}